{"id":97,"date":"2024-03-03T21:32:07","date_gmt":"2024-03-04T00:32:07","guid":{"rendered":"https:\/\/tudosobreinclusao.com\/eventos\/?p=97"},"modified":"2024-03-03T22:44:11","modified_gmt":"2024-03-04T01:44:11","slug":"2-congresso-de-doencas-raras-teve-10-horas-de-transmissao-ao-vivo","status":"publish","type":"post","link":"https:\/\/tudosobreinclusao.com\/eventos\/2-congresso-de-doencas-raras-teve-10-horas-de-transmissao-ao-vivo\/","title":{"rendered":"2\u00b0 Congresso de Doen\u00e7as Raras teve 10 horas de transmiss\u00e3o AO VIVO"},"content":{"rendered":"\n<p style=\"color: #0693e3\"><strong>O evento aconteceu na quinta-feira, 29, e reuniu palestrantes renomados de todas as regi\u00f5es do Brasil<\/strong><\/p>\n\n\n\n<p>A \u00faltima quinta-feira, 29, realmente foi uma data rara no calend\u00e1rio mundial, at\u00e9 mesmo pelos resultados obtidos durante o 2\u00ba Congresso de Doen\u00e7as Raras \u201cAlex Garcia\u201d que reuniu profissionais de sa\u00fade, pesquisadores, pacientes raros e ultrarraros.<\/p>\n\n\n\n<p>O evento aconteceu de forma presencial e online, transmitido ao vivo pelo canal do Youtube do Di\u00e1rio PcD, com in\u00edcio as 10h30 e encerramento ap\u00f3s \u00e0s 17horas.<\/p>\n\n\n\n<p>O congresso presencial foi realizado no Audit\u00f3rio do Sindicato dos Metal\u00fargicos de Osasco e Regi\u00e3o\/ Espa\u00e7o da Cidadania e contou com um n\u00famero expressivo de participantes<\/p>\n\n\n\n<p>O p\u00fablico-alvo alcan\u00e7ado pelo evento foram profissionais de sa\u00fade especializados em doen\u00e7as raras, pesquisadores, pacientes raros e suas fam\u00edlias, representantes de organiza\u00e7\u00f5es governamentais e n\u00e3o governamentais, al\u00e9m do p\u00fablico em geral, cuidadores, profissionais da educa\u00e7\u00e3o, direito, psicologia, empreendedorismo e estudantes. Al\u00e9m de vereadores da C\u00e2mara Municipal de Osasco, o evento teve a presen\u00e7a de Salom\u00e3o Junior, Secret\u00e1rio Municipal da Pessoa com Defici\u00eancia e com doen\u00e7a rara<\/p>\n\n\n\n<p>O congresso teve a presen\u00e7a de renomados palestrantes raros, incluindo o Professor Alex Garcia, uma das pessoas surdocegas mais conhecidas no mundo e fundador-presidente da Associa\u00e7\u00e3o Ga\u00facha de Pais e Amigos dos Surdocegos e Multideficientes \u2013 AGAPASM.<\/p>\n\n\n\n<p>Na transmiss\u00e3o de mais de 10 (dez) horas no canal do Di\u00e1rio PcD a participa\u00e7\u00e3o de:<\/p>\n\n\n\n<ul class=\"wp-block-list\">\n<li>Alex Garcia sobre \u201cA import\u00e2ncia do Congresso sobre o dia dos raros e voz a autoridade\u201d<\/li>\n\n\n\n<li>Dr Pedro Mendes Ferreira Neto&nbsp;\u201cPol\u00edticas P\u00fablicas para pessoas com doen\u00e7as raras no Brasil: dos paradigmas atuais \u00e0 necess\u00e1ria constru\u00e7\u00e3o de novos alicerces\u201d<\/li>\n\n\n\n<li>Lan\u00e7amento da \u201cMitocon Brasil\u201d<\/li>\n\n\n\n<li>Dra. T\u00eamis Maria F\u00e9lix sobre \u201cRede Raras e pacientes com doen\u00e7as raras de alta complexidade\u201d<\/li>\n\n\n\n<li>Andr\u00e9 Naves sobre \u201cA Lei e a Doen\u00e7a Rara \u2013 uma via para a Emancipa\u00e7\u00e3o Cidad\u00e3\u201d<\/li>\n\n\n\n<li>Apresenta\u00e7\u00e3o Coral SAS de LIBRAS de Osasco \u2013 \u201cAmor Raro\u201d<\/li>\n\n\n\n<li>Prof. Alex Garcia sobre \u201cSua viv\u00eancia e experi\u00eancia na Educa\u00e7\u00e3o Inclusiva e sobre a educa\u00e7\u00e3o da pessoa surdocega para sua autonomia e independ\u00eancia\u201d.<\/li>\n\n\n\n<li>Carlos Apar\u00edcio Clemente \u2013 Palestra: \u201cA import\u00e2ncia da Lei de Cotas e a luta pelo seu cumprimento\u201d.<\/li>\n<\/ul>\n\n\n\n<ul class=\"wp-block-list\">\n<li>Pamela Pimentel \u2013 Palestra: \u201cOcupar espa\u00e7os. a necessidade de perceber a defici\u00eancia como parte da diversidade humana\u201d<\/li>\n\n\n\n<li><\/li>\n\n\n\n<li>Ana Luh Garritano sobre \u201cComo ser Rara no mundo da Moda\u201d<\/li>\n\n\n\n<li>Grace Santos Palestra \u2013 Palestra \u201cDiagn\u00f3stico n\u00e3o \u00e9 senten\u00e7a\u201d.<\/li>\n\n\n\n<li>Cristina Cagliari \u2013 Palestra: Ultra raras<\/li>\n<\/ul>\n\n\n\n<p>Confira o Congresso:<\/p>\n\n\n\n<figure class=\"wp-block-embed is-type-video is-provider-youtube wp-block-embed-youtube wp-embed-aspect-16-9 wp-has-aspect-ratio\"><div class=\"wp-block-embed__wrapper\">\n<iframe loading=\"lazy\" title=\"Inova\u00e7\u00f5es, Gen\u00e9tica, Direitos e Empreendedorismo Feminino Raro\" width=\"500\" height=\"281\" src=\"https:\/\/www.youtube.com\/embed\/w4UweCl0JEw?feature=oembed\" frameborder=\"0\" allow=\"accelerometer; autoplay; clipboard-write; encrypted-media; gyroscope; picture-in-picture; web-share\" referrerpolicy=\"strict-origin-when-cross-origin\" allowfullscreen><\/iframe>\n<\/div><\/figure>\n\n\n\n<figure class=\"wp-block-embed is-type-video is-provider-youtube wp-block-embed-youtube wp-embed-aspect-16-9 wp-has-aspect-ratio\"><div class=\"wp-block-embed__wrapper\">\n<iframe loading=\"lazy\" title=\"Inova\u00e7\u00f5es, Gen\u00e9tica, Direitos e Empreendedorismo Feminino Raro\" width=\"500\" height=\"281\" src=\"https:\/\/www.youtube.com\/embed\/LDbz5H6cWKs?feature=oembed\" frameborder=\"0\" allow=\"accelerometer; autoplay; clipboard-write; encrypted-media; gyroscope; picture-in-picture; web-share\" referrerpolicy=\"strict-origin-when-cross-origin\" allowfullscreen><\/iframe>\n<\/div><\/figure>\n","protected":false},"excerpt":{"rendered":"<p>O evento aconteceu na quinta-feira, 29, e reuniu palestrantes renomados de todas as regi\u00f5es do Brasil A \u00faltima quinta-feira, 29, realmente foi uma data rara no calend\u00e1rio mundial, at\u00e9 mesmo pelos resultados obtidos durante o 2\u00ba Congresso de Doen\u00e7as Raras \u201cAlex Garcia\u201d que reuniu profissionais de sa\u00fade, pesquisadores, pacientes raros e ultrarraros. O evento aconteceu [&hellip;]<\/p>\n","protected":false},"author":1,"featured_media":98,"comment_status":"open","ping_status":"open","sticky":false,"template":"","format":"standard","meta":{"footnotes":""},"categories":[20],"tags":[],"class_list":["post-97","post","type-post","status-publish","format-standard","has-post-thumbnail","hentry","category-geral"],"rttpg_featured_image_url":{"full":["https:\/\/tudosobreinclusao.com\/eventos\/wp-content\/uploads\/2024\/03\/image.png",652,445,false],"landscape":["https:\/\/tudosobreinclusao.com\/eventos\/wp-content\/uploads\/2024\/03\/image.png",652,445,false],"portraits":["https:\/\/tudosobreinclusao.com\/eventos\/wp-content\/uploads\/2024\/03\/image.png",652,445,false],"thumbnail":["https:\/\/tudosobreinclusao.com\/eventos\/wp-content\/uploads\/2024\/03\/image-150x150.png",150,150,true],"medium":["https:\/\/tudosobreinclusao.com\/eventos\/wp-content\/uploads\/2024\/03\/image-300x205.png",300,205,true],"large":["https:\/\/tudosobreinclusao.com\/eventos\/wp-content\/uploads\/2024\/03\/image.png",652,445,false],"1536x1536":["https:\/\/tudosobreinclusao.com\/eventos\/wp-content\/uploads\/2024\/03\/image.png",652,445,false],"2048x2048":["https:\/\/tudosobreinclusao.com\/eventos\/wp-content\/uploads\/2024\/03\/image.png",652,445,false]},"rttpg_author":{"display_name":"Cristiane Mayworm","author_link":"https:\/\/tudosobreinclusao.com\/eventos\/author\/admin\/"},"rttpg_comment":0,"rttpg_category":"<a href=\"https:\/\/tudosobreinclusao.com\/eventos\/category\/geral\/\" rel=\"category tag\">Geral<\/a>","rttpg_excerpt":"O evento aconteceu na quinta-feira, 29, e reuniu palestrantes renomados de todas as regi\u00f5es do Brasil A \u00faltima quinta-feira, 29, realmente foi uma data rara no calend\u00e1rio mundial, at\u00e9 mesmo pelos resultados obtidos durante o 2\u00ba Congresso de Doen\u00e7as Raras \u201cAlex Garcia\u201d que reuniu profissionais de sa\u00fade, pesquisadores, pacientes raros e ultrarraros. O evento aconteceu&hellip;","_links":{"self":[{"href":"https:\/\/tudosobreinclusao.com\/eventos\/wp-json\/wp\/v2\/posts\/97","targetHints":{"allow":["GET"]}}],"collection":[{"href":"https:\/\/tudosobreinclusao.com\/eventos\/wp-json\/wp\/v2\/posts"}],"about":[{"href":"https:\/\/tudosobreinclusao.com\/eventos\/wp-json\/wp\/v2\/types\/post"}],"author":[{"embeddable":true,"href":"https:\/\/tudosobreinclusao.com\/eventos\/wp-json\/wp\/v2\/users\/1"}],"replies":[{"embeddable":true,"href":"https:\/\/tudosobreinclusao.com\/eventos\/wp-json\/wp\/v2\/comments?post=97"}],"version-history":[{"count":4,"href":"https:\/\/tudosobreinclusao.com\/eventos\/wp-json\/wp\/v2\/posts\/97\/revisions"}],"predecessor-version":[{"id":115,"href":"https:\/\/tudosobreinclusao.com\/eventos\/wp-json\/wp\/v2\/posts\/97\/revisions\/115"}],"wp:featuredmedia":[{"embeddable":true,"href":"https:\/\/tudosobreinclusao.com\/eventos\/wp-json\/wp\/v2\/media\/98"}],"wp:attachment":[{"href":"https:\/\/tudosobreinclusao.com\/eventos\/wp-json\/wp\/v2\/media?parent=97"}],"wp:term":[{"taxonomy":"category","embeddable":true,"href":"https:\/\/tudosobreinclusao.com\/eventos\/wp-json\/wp\/v2\/categories?post=97"},{"taxonomy":"post_tag","embeddable":true,"href":"https:\/\/tudosobreinclusao.com\/eventos\/wp-json\/wp\/v2\/tags?post=97"}],"curies":[{"name":"wp","href":"https:\/\/api.w.org\/{rel}","templated":true}]}}