{"id":73,"date":"2023-09-28T02:43:02","date_gmt":"2023-09-28T05:43:02","guid":{"rendered":"https:\/\/tudosobreinclusao.com\/portal\/?p=73"},"modified":"2024-03-03T21:28:36","modified_gmt":"2024-03-04T00:28:36","slug":"consultores-eficientes-e-raros-pela-gestaocorporativa","status":"publish","type":"post","link":"https:\/\/tudosobreinclusao.com\/eventos\/consultores-eficientes-e-raros-pela-gestaocorporativa\/","title":{"rendered":"Consultores Eficientes e Raros pela Gest\u00e3o Corporativa"},"content":{"rendered":"\n<p>Com a nobre miss\u00e3o de educar, transformar, ressignificar e desmistificar atrav\u00e9s dapergunta:<br>\u201cSua empresa \u00e9 acess\u00edvel, inclusiva e diversa?\u201d E o mesmo se aplica a produtos eneg\u00f3cios<br>digitais.<\/p>\n\n\n<div class=\"wp-block-image\">\n<figure class=\"aligncenter size-large is-resized\"><img decoding=\"async\" src=\"https:\/\/tudosobreinclusao.com\/eventos\/wp-content\/uploads\/2024\/02\/image-1.png\" alt=\"\" style=\"width:314px;height:auto\"\/><\/figure>\n<\/div>\n\n\n<p>No dia 21 de setembro, dia nacional da visibilidade e luta da pessoa com defici\u00eancia,foi<br>anunciado o lan\u00e7amento de uma consultoria 360 Graus com Consultores comdefici\u00eancia<br>experientes. A Tudo sobre Inclus\u00e3o (TIC), sediada em Osasco\/SP, dedicada \u00e0consultoria em <\/p>\n\n\n\n<p>Diversidade, Equidade e Inclus\u00e3o (DE&amp;I), bem como a treinamentos personalizadospara<br>empresas e organiza\u00e7\u00f5es, como por exemplo pela nova legisla\u00e7\u00e3o trabalhistaCIPAAss\u00e9dio,<br>tema que envolve empresa e colaboradores.<br>Firmemente comprometidos com a cria\u00e7\u00e3o de mudan\u00e7as positivas e significativas \u00e9formada<br>por profissionais com defici\u00eancia e sem defici\u00eancia, com doen\u00e7as raras, maduras60+, mulheres<br>negras, 50+ e gordas, LGBTQIAPN+, ind\u00edgena e representatividades empoderadas dediversos<br>segmentos, para a promo\u00e7\u00e3o de todos os ambientes de organiza\u00e7\u00f5es paraalcan\u00e7ar resultados<br>sustent\u00e1veis distribu\u00eddos com representantes em todo o pa\u00eds.<br>Um hub diferenciado composto por especialistas, conhecidos a muitos anos por suaatua\u00e7\u00e3o,<br>empatia e trabalhos na luta pelos direitos, visibilidade, ativismo eempreendedorismo social.<br>Destaque para<\/p>\n\n\n\n<ul class=\"wp-block-list\">\n<li>Alex Garcia, pessoa Surdocega, com hidrocefalia e doen\u00e7a rara; palestrante, escritor e orientador.<\/li>\n\n\n\n<li>Karina Vargem, publicit\u00e1ria, dan\u00e7arina em cadeira de rodas.<\/li>\n\n\n\n<li>Fernanda Barros, professora Autista e palestrante.<\/li>\n\n\n\n<li>Grace Santos, mulher negra com doen\u00e7a rara, S\u00edndrome Antissintetase, empres\u00e1riae palestrante sobre empreendedorismo e inclus\u00e3o.<\/li>\n\n\n\n<li>Mellina Reis, Pessoa cega com c\u00e3o-guia, turism\u00f3loga, especialista emAcessibilidade.<\/li>\n\n\n\n<li>Victor Hugo, autista, programador, t\u00e9cnico de TI, designer gr\u00e1fico e conceitual.<\/li>\n\n\n\n<li>Modelos com defici\u00eancia e consultores com familiares com defici\u00eancia.<\/li>\n<\/ul>\n\n\n\n<p>Gest\u00e3o de Pessoas, com treinamentos e palestras personalizadas, abrangentes einterativos, projetados para conscientizar e capacitar a lideran\u00e7a, equipes diversas,estudantes e empreendedores em temas cruciais de diversidade, governan\u00e7a ESG efocados nos Objetivos de Desenvolvimento Sustent\u00e1vel \u2013 ODS por um mundomelhor.<br><\/p>\n\n\n\n<p>Workshops transformadores e envolventes que desafiam os preconceitos,promovem a empatia e inspiram mudan\u00e7as s\u00f3lidas. Os segmentos v\u00e3o desdedesign, tecnologia assistiva, moda adaptada, direito, artes, cultura, educa\u00e7\u00e3oinclusiva e corporativa, sustentabilidade, lideran\u00e7a, marketing digital, comunica\u00e7\u00e3oacess\u00edvel, psicologia, qualidade de vida e bem-estar, atendimento, letramento, at\u00e9vendas, inclusive e- commerce.<\/p>\n\n\n\n<p><br>Experi\u00eancia comprovada com anos de experi\u00eancia, estudos e pesquisas queensejam a constru\u00e7\u00e3o de<br>estrat\u00e9gias para atender a necessidades espec\u00edficas.<\/p>\n\n\n\n<p><br>Comprometidos em ajudar empresas e organiza\u00e7\u00f5es a criarem ambientes detrabalho inclusivos onde todos se sintam valorizados e respeitados, um novo olharpara ressignificar e construir um futuro mais inclusivo e igualit\u00e1rio.<\/p>\n\n\n\n<p><strong>Quem \u00e9 a pessoa por tr\u00e1s da TIC?<\/strong><\/p>\n\n\n\n<p>Cristiane Mayworm Montes, moradora na cidade de Osasco\/SP.<br>Formada em Marketing e Propaganda, Gest\u00e3o de Neg\u00f3cios, especializa\u00e7\u00e3o em Acessibilidade<br>Comunicacional e Arquitet\u00f4nica e Designer de Moda Adaptada.<br>Mulher de 52 anos, modelo plus size. Filha de mulher com baixa-vis\u00e3o, m\u00e3e deadulto com autismo de alto desempenho (TEA-Suporte 1), tr\u00eas irm\u00e3os e uma irm\u00e3cadeirante. Ativista e anticapacista.<br>Atua como audiodescritora, roteirista e narradora desde 2020 nas maiores semanas de moda brasileiras:<br>\u201cBrasil Eco\u201d, \u201cS\u00e3o Paulo Fashion Week\u201d e \u201cPop Plus\u201d para pessoas gordas, al\u00e9m da<br>exposi\u00e7\u00e3o de arte<br>SENAC, cursos de capacita\u00e7\u00e3o FEBRABAN para colaboradores cegos, entre outros<br>trabalhos.<\/p>\n\n\n\n<p><br>Na comunica\u00e7\u00e3o acess\u00edvel, como Int\u00e9rprete t\u00e1til e digitadora para pessoa<br>surdocega desde 2012.<br>Instrutora de cursos livres e l\u00edder do projeto mundial: \u201c1\u00aa Escola do Pensamento Fora<br>do Padr\u00e3o\u201d com os<br>preceitos dos Objetivos de Desenvolvimento Sustent\u00e1vel \u2013 ODS apoiados pela<br>ONU\/UNESCO, ODS 04<br>(Educa\u00e7\u00e3o de Qualidade) e ODS 10 (Redu\u00e7\u00e3o das desigualdades).<br>Experi\u00eancia em arteterapia com idosos por 3 anos e acolhimento de m\u00e3es at\u00edpicas<br>desde 2012. Palestrante para cuidadores, assistentes sociais e familiares de pessoas<br>com dem\u00eancia, com defici\u00eancia, s\u00edndrome rara, LGBTQIAP+, autista, T-21 na<br>ressignifica\u00e7\u00e3o do atendimento humanizado.<br>Produtora e organizadora de eventos sociais, tem\u00e1ticos e cient\u00edficos desde 2002.<br>Voluntariado em ONGs, ABRAAC Autismo e Conselhos Municipais da Pessoa com<br>Defici\u00eancia e Idosos e<br>Confer\u00eancias Nacionais. Palestrante e Workshop para estudantes da Faculdade<br>Anhanguera de Psicologia e Est\u00e1cio sobre letramento, atendimento, Diversidade e<br>Inclus\u00e3o.<\/p>\n\n\n\n<p><br>Organiza\u00e7\u00e3o de eventos e workshops para jovens em situa\u00e7\u00e3o de vulnerabilidade<br>social para a forma\u00e7\u00e3o de Jovem Aprendiz (Lei 10.097\/2000) na Casa Sant\u2019anna de<br>Campinas.<\/p>\n\n\n\n<p><br>Instagram: https:\/\/www.instagram.com\/cristiane_mayworm_tic\/<\/p>\n","protected":false},"excerpt":{"rendered":"<p>Com a nobre miss\u00e3o de educar, transformar, ressignificar e desmistificar atrav\u00e9s dapergunta:\u201cSua empresa \u00e9 acess\u00edvel, inclusiva e diversa?\u201d E o mesmo se aplica a produtos eneg\u00f3ciosdigitais. No dia 21 de setembro, dia nacional da visibilidade e luta da pessoa com defici\u00eancia,foianunciado o lan\u00e7amento de uma consultoria 360 Graus com Consultores comdefici\u00eanciaexperientes. A Tudo sobre Inclus\u00e3o [&hellip;]<\/p>\n","protected":false},"author":1,"featured_media":74,"comment_status":"open","ping_status":"open","sticky":false,"template":"","format":"standard","meta":{"footnotes":""},"categories":[1],"tags":[],"class_list":["post-73","post","type-post","status-publish","format-standard","has-post-thumbnail","hentry","category-uncategorized"],"rttpg_featured_image_url":{"full":["https:\/\/tudosobreinclusao.com\/eventos\/wp-content\/uploads\/2024\/02\/image.png",810,514,false],"landscape":["https:\/\/tudosobreinclusao.com\/eventos\/wp-content\/uploads\/2024\/02\/image.png",810,514,false],"portraits":["https:\/\/tudosobreinclusao.com\/eventos\/wp-content\/uploads\/2024\/02\/image.png",810,514,false],"thumbnail":["https:\/\/tudosobreinclusao.com\/eventos\/wp-content\/uploads\/2024\/02\/image-150x150.png",150,150,true],"medium":["https:\/\/tudosobreinclusao.com\/eventos\/wp-content\/uploads\/2024\/02\/image-300x190.png",300,190,true],"large":["https:\/\/tudosobreinclusao.com\/eventos\/wp-content\/uploads\/2024\/02\/image.png",810,514,false],"1536x1536":["https:\/\/tudosobreinclusao.com\/eventos\/wp-content\/uploads\/2024\/02\/image.png",810,514,false],"2048x2048":["https:\/\/tudosobreinclusao.com\/eventos\/wp-content\/uploads\/2024\/02\/image.png",810,514,false]},"rttpg_author":{"display_name":"Cristiane Mayworm","author_link":"https:\/\/tudosobreinclusao.com\/eventos\/author\/admin\/"},"rttpg_comment":0,"rttpg_category":"<a href=\"https:\/\/tudosobreinclusao.com\/eventos\/category\/uncategorized\/\" rel=\"category tag\">Uncategorized<\/a>","rttpg_excerpt":"Com a nobre miss\u00e3o de educar, transformar, ressignificar e desmistificar atrav\u00e9s dapergunta:\u201cSua empresa \u00e9 acess\u00edvel, inclusiva e diversa?\u201d E o mesmo se aplica a produtos eneg\u00f3ciosdigitais. No dia 21 de setembro, dia nacional da visibilidade e luta da pessoa com defici\u00eancia,foianunciado o lan\u00e7amento de uma consultoria 360 Graus com Consultores comdefici\u00eanciaexperientes. A Tudo sobre Inclus\u00e3o&hellip;","_links":{"self":[{"href":"https:\/\/tudosobreinclusao.com\/eventos\/wp-json\/wp\/v2\/posts\/73","targetHints":{"allow":["GET"]}}],"collection":[{"href":"https:\/\/tudosobreinclusao.com\/eventos\/wp-json\/wp\/v2\/posts"}],"about":[{"href":"https:\/\/tudosobreinclusao.com\/eventos\/wp-json\/wp\/v2\/types\/post"}],"author":[{"embeddable":true,"href":"https:\/\/tudosobreinclusao.com\/eventos\/wp-json\/wp\/v2\/users\/1"}],"replies":[{"embeddable":true,"href":"https:\/\/tudosobreinclusao.com\/eventos\/wp-json\/wp\/v2\/comments?post=73"}],"version-history":[{"count":4,"href":"https:\/\/tudosobreinclusao.com\/eventos\/wp-json\/wp\/v2\/posts\/73\/revisions"}],"predecessor-version":[{"id":96,"href":"https:\/\/tudosobreinclusao.com\/eventos\/wp-json\/wp\/v2\/posts\/73\/revisions\/96"}],"wp:featuredmedia":[{"embeddable":true,"href":"https:\/\/tudosobreinclusao.com\/eventos\/wp-json\/wp\/v2\/media\/74"}],"wp:attachment":[{"href":"https:\/\/tudosobreinclusao.com\/eventos\/wp-json\/wp\/v2\/media?parent=73"}],"wp:term":[{"taxonomy":"category","embeddable":true,"href":"https:\/\/tudosobreinclusao.com\/eventos\/wp-json\/wp\/v2\/categories?post=73"},{"taxonomy":"post_tag","embeddable":true,"href":"https:\/\/tudosobreinclusao.com\/eventos\/wp-json\/wp\/v2\/tags?post=73"}],"curies":[{"name":"wp","href":"https:\/\/api.w.org\/{rel}","templated":true}]}}