{"id":196,"date":"2024-03-07T23:27:39","date_gmt":"2024-03-08T02:27:39","guid":{"rendered":"https:\/\/tudosobreinclusao.com\/eventos\/?p=196"},"modified":"2024-03-08T00:29:11","modified_gmt":"2024-03-08T03:29:11","slug":"sucesso-da-papoterapia-por-cris-e-ana","status":"publish","type":"post","link":"https:\/\/tudosobreinclusao.com\/eventos\/sucesso-da-papoterapia-por-cris-e-ana\/","title":{"rendered":"Sucesso da Papoterapia por Cris e Ana"},"content":{"rendered":"<div>\n<div class=\"WordSection1\">\n<h1 style=\"mso-margin-top-alt:0cm;margin-right:0cm;margin-bottom:5.25pt;margin-left:0cm;line-height:37.5pt\">  <span lang=\"PT-BR\" style=\"font-size:22.0pt;font-family:Raleway;color:#222222\">Papoterapia a Cris e a Ana sabem bem.<o:p><\/o:p><\/span><\/h1>\n<h1 style=\"mso-margin-top-alt:0cm;margin-right:0cm;margin-bottom:5.25pt;margin-left:0cm;line-height:37.5pt\">  <span lang=\"PT-BR\" style=\"font-size:22.0pt;font-family:Raleway;color:#222222\">Arquivo: Sucesso da PAPOTERAPIA em oficinas geronto geri\u00e1tricas de Arteterapia<o:p><\/o:p><\/span><\/h1>\n<p class=\"MsoNormal\"><span lang=\"PT-BR\" style=\"font-size:8.5pt;font-family:\"Open Sans\",sans-serif;color:#444444\">Por&nbsp; &nbsp;<\/span><span style=\"font-size:8.5pt;font-family:\"Open Sans\",sans-serif;color:#444444\"><a href=\"https:\/\/www.reab.me\/author\/ana-katharina-leite\/\"><b><span lang=\"PT-BR\" style=\"color:black\">Ana   Leite<\/span><\/b><\/a><\/span><span lang=\"PT-BR\" style=\"font-size:8.5pt;font-family:\"Open Sans\",sans-serif;color:#444444\">&nbsp; &#8211; &nbsp;<span class=\"td-post-date\">27 de abril de 2015&nbsp;&nbsp;&nbsp;&nbsp;&nbsp;&nbsp;&nbsp;  <\/span><\/span><span class=\"td-nr-views-17656\"><span lang=\"PT-BR\" style=\"font-size:8.5pt;font-family:\"Open Sans\",sans-serif;color:black\">10193 visualiza\u00e7\u00f5es at\u00e9 fev\/24<o:p><\/o:p><\/span><\/span><\/p>\n<p class=\"MsoNormal\"><span lang=\"PT-BR\" style=\"font-size:11.5pt;font-family:\"Verdana\",sans-serif;color:#222222\"><o:p>&nbsp;<\/o:p><\/span><\/p>\n<p style=\"mso-margin-top-alt:0cm;margin-right:0cm;margin-bottom:19.5pt;margin-left:0cm;background:white\">  <span lang=\"PT-BR\" style=\"font-size:11.5pt;font-family:\"Verdana\",sans-serif;color:#222222\"><\/span><span lang=\"PT-BR\" style=\"font-size:11.5pt;font-family:\"Verdana\",sans-serif;color:#222222\"><o:p><\/o:p><\/span><\/p>\n<p style=\"mso-margin-top-alt:0cm;margin-right:0cm;margin-bottom:19.5pt;margin-left:0cm;background:white\">  <span lang=\"PT-BR\" style=\"font-size:11.5pt;font-family:\"Verdana\",sans-serif;color:#222222\">Legenda da imagem: Desenho com o t\u00edtulo: Quando a Boca Cala o Corpo Fala. Quando o Corpo Fala o Corpo Sara. Diversas crian\u00e7as e adultos est\u00e3o em roda de m\u00e3os dadas e   cada uma com um vaso de planta ao seu lado. No meio da roda quatro crian\u00e7as est\u00e3o com vasos em suas m\u00e3os. Fonte da imagem: altinopolis.sp.gov.br  <o:p><\/o:p><\/span><\/p>\n<p style=\"background:white\"><span lang=\"PT-BR\" style=\"font-size:11.5pt;font-family:\"Verdana\",sans-serif;color:#222222\">&#8220;N\u00e3o tampando o sol com a peneira.&#8221;<o:p><\/o:p><\/span><\/p>\n<p style=\"background:white\"><span lang=\"PT-BR\" style=\"font-size:11.5pt;font-family:\"Verdana\",sans-serif;color:#222222\"><o:p>&nbsp;<\/o:p><\/span><\/p>\n<p style=\"background:white\"><span lang=\"PT-BR\" style=\"font-size:11.5pt;font-family:\"Verdana\",sans-serif;color:#222222\">Papoterapia &#8211; rodas de conversa e reflex\u00e3o gera mudan\u00e7as saud\u00e1veis no dia a dia dos idosos. A pr\u00e1tica de se organizar em roda para conversar   traz in\u00fameros significados. A express\u00e3o por meio da linguagem oral de sentimentos, ideias, valores est\u00e3o presentes em todas elas.<o:p><\/o:p><\/span><\/p>\n<p style=\"background:white\"><span lang=\"PT-BR\" style=\"font-size:11.5pt;font-family:\"Verdana\",sans-serif;color:#222222\"><o:p>&nbsp;<\/o:p><\/span><\/p>\n<p style=\"background:white\"><span lang=\"PT-BR\" style=\"font-size:11.5pt;font-family:\"Verdana\",sans-serif;color:#222222\">Papoterapia \u00e9 uma oficina utilizada em uma experi\u00eancia grupal, onde trazemos os idosos que visam uma melhor qualidade de vida uns para perto   dos outros. \u00c9 uma terapia de resgate, e esse acolhimento de pessoas em &#8220;sofrimento mental&#8221;, com medos, perdas ou anseios ou que queriam um espa\u00e7o de conviv\u00eancia, partilham de suas experi\u00eancias e trocas de momentos vividos e aprendidos na vida.<o:p><\/o:p><\/span><\/p>\n<p style=\"background:white\"><span lang=\"PT-BR\" style=\"font-size:11.5pt;font-family:\"Verdana\",sans-serif;color:#222222\"><o:p>&nbsp;<\/o:p><\/span><\/p>\n<p style=\"background:white\"><span lang=\"PT-BR\" style=\"font-size:11.5pt;font-family:\"Verdana\",sans-serif;color:#222222\">O que o Terapeuta precisa saber para oferecer situa\u00e7\u00f5es que rendam boas rodas de conversas:<o:p><\/o:p><\/span><\/p>\n<p style=\"background:white\"><span lang=\"PT-BR\" style=\"font-size:11.5pt;font-family:\"Verdana\",sans-serif;color:#222222\"><o:p>&nbsp;<\/o:p><\/span><\/p>\n<p style=\"background:white\"><span lang=\"PT-BR\" style=\"font-size:11.5pt;font-family:\"Verdana\",sans-serif;color:#222222\">O modo como o idoso pensa e conversa. Ter uma ficha individual de hobbys, ideias, forma\u00e7\u00e3o escolar, experi\u00eancias e prefer\u00eancias dele para   a oficina que ser\u00e1 utilizada.<o:p><\/o:p><\/span><\/p>\n<p style=\"background:white\"><span lang=\"PT-BR\" style=\"font-size:11.5pt;font-family:\"Verdana\",sans-serif;color:#222222\"><o:p>&nbsp;<\/o:p><\/span><\/p>\n<p style=\"background:white\"><span lang=\"PT-BR\" style=\"font-size:11.5pt;font-family:\"Verdana\",sans-serif;color:#222222\">Sabemos que nossas vidas s\u00e3o muito corridas e o tempo tem ficado curto. O cansa\u00e7o do dia n\u00e3o d\u00e1 tempo suficiente para que as fam\u00edlias possam   &#8220;ouvir as queixas&#8221; dos seus familiares idosos. Esses costumam ser repetitivos, focam num problema e n\u00e3o conseguem se livrar de tais preocupa\u00e7\u00f5es, isso porque ele vive aquela realidade no seu momento e quer encontrar uma solu\u00e7\u00e3o, que \u00e0s vezes j\u00e1 foi resolvida.   Falta \u00e0 fam\u00edlia se adaptar a uma linguagem ideal para esclarecimento ao idoso. Devemos evitar que as pessoas idosas, j\u00e1 com comprometimento &#8220;mental&#8221; tenham assuntos desagrad\u00e1veis em suas vidas.<o:p><\/o:p><\/span><\/p>\n<p style=\"background:white\"><span lang=\"PT-BR\" style=\"font-size:11.5pt;font-family:\"Verdana\",sans-serif;color:#222222\"><o:p>&nbsp;<\/o:p><\/span><\/p>\n<p style=\"background:white\"><span lang=\"PT-BR\" style=\"font-size:11.5pt;font-family:\"Verdana\",sans-serif;color:#222222\">Diz a filosofia japonesa que temos dois ouvidos e uma boca, ent\u00e3o, temos que escutar mais e falar menos. Vamos ouvir, vamos debater e ajudar   uns aos outros. Falar e ouvir, expor e escutar, declarar e receber informa\u00e7\u00f5es, s\u00e3o tesouros da nossa comunica\u00e7\u00e3o verbal e corporal, interpessoal e sentimental.<o:p><\/o:p><\/span><\/p>\n<p style=\"background:white\"><span lang=\"PT-BR\" style=\"font-size:11.5pt;font-family:\"Verdana\",sans-serif;color:#222222\"><o:p>&nbsp;<\/o:p><\/span><\/p>\n<p style=\"background:white\"><span lang=\"PT-BR\" style=\"font-size:11.5pt;font-family:\"Verdana\",sans-serif;color:#222222\">J\u00e1 as conversas informais s\u00e3o comuns na rotina e contribuem para estabelecer afetividade no grupo, oferecendo importantes elementos e informa\u00e7\u00f5es   para que o Terapeuta possa conhecer melhor a sua turma de idosos e planejar novas situa\u00e7\u00f5es a partir das necessidades e interesses desses idosos. Essa a\u00e7\u00e3o, permite a livre express\u00e3o sem o compromisso sistem\u00e1tico de avan\u00e7ar, esmiu\u00e7ar e chegar ao conhecimento   mais elaborado. Neste momento a participa\u00e7\u00e3o dos idosos, falando, \u00e9 maior, e o terapeuta tem importante papel de ouvinte atento e de mediador para que todos possam falar. A conversa fica mais solta. \u00c9 muito comum que as rodas de conversa tenham temas e assuntos   diversos.<o:p><\/o:p><\/span><\/p>\n<p style=\"background:white\"><span lang=\"PT-BR\" style=\"font-size:11.5pt;font-family:\"Verdana\",sans-serif;color:#222222\"><o:p>&nbsp;<\/o:p><\/span><\/p>\n<p style=\"background:white\"><span lang=\"PT-BR\" style=\"font-size:11.5pt;font-family:\"Verdana\",sans-serif;color:#222222\">Este momento contribui para que os idosos sejam capazes de construir conhecimentos importantes para o seu desenvolvimento cognitivo e motor.   Estimular para que aprendam a observar, perguntar, levantar hip\u00f3teses, imaginar, pensar e buscar mem\u00f3rias exercitando seu c\u00e9rebro e uma nova vis\u00e3o do acontecimento.<o:p><\/o:p><\/span><\/p>\n<p style=\"background:white\"><span lang=\"PT-BR\" style=\"font-size:11.5pt;font-family:\"Verdana\",sans-serif;color:#222222\"><o:p>&nbsp;<\/o:p><\/span><\/p>\n<p style=\"background:white\"><span lang=\"PT-BR\" style=\"font-size:11.5pt;font-family:\"Verdana\",sans-serif;color:#222222\">O grupo \u00e9 idealizado entre pessoas de culturas e ideais diferentes, o que torna a oficina muito enriquecedora em uma proposta cheia de novidades.   Os conflitos saud\u00e1veis do bate papo, como viv\u00eancias e formas de pensar, direcionadas pela Terapeuta, oferecem din\u00e2micas acolhedoras e rodas de conversas que atendem todas as diferen\u00e7as culturais do grupo da Terceira Idade e Quarta Idade. Independente de idade,   classe econ\u00f4mica, eles s\u00e3o seres humanos e muitas vezes partilham dos mesmo problemas. Esses idosos, em pouco tempo, com a papoterapia, sofrem mudan\u00e7as ben\u00e9ficas no comportamento. Observamos que \u00e9 uma atividade salutar, j\u00e1 que, com o apoio da &#8220;escuta&#8221; (desabafo),   eles liberam sentimentos negativos que perturbam suas vidas, e se sentem mais confort\u00e1veis e confiantes.<o:p><\/o:p><\/span><\/p>\n<p style=\"background:white\"><span lang=\"PT-BR\" style=\"font-size:11.5pt;font-family:\"Verdana\",sans-serif;color:#222222\"><o:p>&nbsp;<\/o:p><\/span><\/p>\n<p style=\"background:white\"><span lang=\"PT-BR\" style=\"font-size:11.5pt;font-family:\"Verdana\",sans-serif;color:#222222\">A constru\u00e7\u00e3o de ideias \u00e9 coletiva, mas a conclus\u00e3o \u00e9 individual. Os idosos s\u00e3o pessoas vividas e experientes e a sua capacidade de responder   ao Terapeuta e colegas idosos, precisa ser estimulada e capacidade de perguntar precisa ser valorizada.<o:p><\/o:p><\/span><\/p>\n<p style=\"background:white\"><span lang=\"PT-BR\" style=\"font-size:11.5pt;font-family:\"Verdana\",sans-serif;color:#222222\"><o:p>&nbsp;<\/o:p><\/span><\/p>\n<p style=\"background:white\"><span lang=\"PT-BR\" style=\"font-size:11.5pt;font-family:\"Verdana\",sans-serif;color:#222222\">Os familiares passam sem querer, muitas preocupa\u00e7\u00f5es e ang\u00fastias aos seus idosos, achando que o eles precisam estar a par da situa\u00e7\u00e3o. Entretanto,   um coment\u00e1rio que muitas vezes j\u00e1 foi solucionado, para este idoso, ainda permanece dando a impress\u00e3o dele fazer parte desse problema. Ele sente culpa em n\u00e3o poder ajudar e ainda tem a impress\u00e3o de ser um &#8220;peso-morto&#8221; no familiar-cuidador, respons\u00e1vel pelos   seus cuidados di\u00e1rios.<o:p><\/o:p><\/span><\/p>\n<p style=\"background:white\"><span lang=\"PT-BR\" style=\"font-size:11.5pt;font-family:\"Verdana\",sans-serif;color:#222222\"><o:p>&nbsp;<\/o:p><\/span><\/p>\n<p style=\"background:white\"><span lang=\"PT-BR\" style=\"font-size:11.5pt;font-family:\"Verdana\",sans-serif;color:#222222\">A Papoterapia Geronto Geri\u00e1trica bem dirigida, tem como objetivo deixar as pessoas bem \u00e0 vontade e seguras durante o processo. Al\u00e9m disso,   gera mudan\u00e7a na postura mental, poder de reflex\u00e3o, aumenta a oralidade.&nbsp; Alguns idosos afirmam que essa forma de terapia ajuda a &#8220;tirar um peso dos ombros&#8221;, sentem o retorno de sua felicidade interior e uma melhoria na qualidade de vida di\u00e1ria.<o:p><\/o:p><\/span><\/p>\n<p style=\"background:white\"><span lang=\"PT-BR\" style=\"font-size:11.5pt;font-family:\"Verdana\",sans-serif;color:#222222\"><o:p>&nbsp;<\/o:p><\/span><\/p>\n<p style=\"background:white\"><span lang=\"PT-BR\" style=\"font-size:11.5pt;font-family:\"Verdana\",sans-serif;color:#222222\">O que o Terapeuta precisa saber para oferecer situa\u00e7\u00f5es que rendam boas rodas de conversas:<o:p><\/o:p><\/span><\/p>\n<p style=\"background:white\"><span lang=\"PT-BR\" style=\"font-size:11.5pt;font-family:\"Verdana\",sans-serif;color:#222222\"><o:p>&nbsp;<\/o:p><\/span><\/p>\n<p style=\"background:white\"><span lang=\"PT-BR\" style=\"font-size:11.5pt;font-family:\"Verdana\",sans-serif;color:#222222\">1- O modo pr\u00f3prio como o idoso pensa e conversa:<o:p><\/o:p><\/span><\/p>\n<p style=\"background:white\"><span lang=\"PT-BR\" style=\"font-size:11.5pt;font-family:\"Verdana\",sans-serif;color:#222222\"><o:p>&nbsp;<\/o:p><\/span><\/p>\n<p style=\"background:white\"><span lang=\"PT-BR\" style=\"font-size:11.5pt;font-family:\"Verdana\",sans-serif;color:#222222\">Importante ter uma ficha de avalia\u00e7\u00e3o individual de cada idoso com os seus hobbys, ideias, forma\u00e7\u00e3o escolar, experi\u00eancias importantes vividas   e prefer\u00eancias pessoais desse idoso para a oficina. A ficha pode ser preenchida pelo pr\u00f3prio idoso ou pelo seu familiar idoso que tem tamb\u00e9m mais detalhes desse familiar e o momento em que est\u00e1 vivenciando.<o:p><\/o:p><\/span><\/p>\n<p style=\"background:white\"><span lang=\"PT-BR\" style=\"font-size:11.5pt;font-family:\"Verdana\",sans-serif;color:#222222\"><o:p>&nbsp;<\/o:p><\/span><\/p>\n<p style=\"background:white\"><span lang=\"PT-BR\" style=\"font-size:11.5pt;font-family:\"Verdana\",sans-serif;color:#222222\">O idoso tem seus conceitos, viv\u00eancias e suas emo\u00e7\u00f5es para expor seus sentidos e conhecimentos, quando bem estimulados.<o:p><\/o:p><\/span><\/p>\n<p style=\"background:white\"><span lang=\"PT-BR\" style=\"font-size:11.5pt;font-family:\"Verdana\",sans-serif;color:#222222\">Quanto mais rica for a experi\u00eancia pessoal do idoso, \u00e9 considerado mais material para sua imagina\u00e7\u00e3o, ter\u00e1 a sua disposi\u00e7\u00e3o mais constru\u00e7\u00e3o   de conhecimentos.<o:p><\/o:p><\/span><\/p>\n<p style=\"background:white\"><span lang=\"PT-BR\" style=\"font-size:11.5pt;font-family:\"Verdana\",sans-serif;color:#222222\"><o:p><\/o:p><\/span><\/p>\n<p style=\"background:white\"><span lang=\"PT-BR\" style=\"font-size:11.5pt;font-family:\"Verdana\",sans-serif;color:#222222\"><o:p>&nbsp;<\/o:p><\/span><\/p>\n<p style=\"background:white\"><span lang=\"PT-BR\" style=\"font-size:11.5pt;font-family:\"Verdana\",sans-serif;color:#222222\">2 &#8211; Planejar boas situa\u00e7\u00f5es para conversa:<o:p><\/o:p><\/span><\/p>\n<p style=\"background:white\"><span lang=\"PT-BR\" style=\"font-size:11.5pt;font-family:\"Verdana\",sans-serif;color:#222222\"><o:p>&nbsp;<\/o:p><\/span><\/p>\n<p style=\"background:white\"><span lang=\"PT-BR\" style=\"font-size:11.5pt;font-family:\"Verdana\",sans-serif;color:#222222\">Se utilizar de textos, hist\u00f3rias, imagens, m\u00fasicas e etc. como elemento desencadeador. Precisa conhecer bem o material para saber mediar as   falas durante a conversa.<o:p><\/o:p><\/span><\/p>\n<p style=\"background:white\"><span lang=\"PT-BR\" style=\"font-size:11.5pt;font-family:\"Verdana\",sans-serif;color:#222222\">Pensar em possibilidades de conversas que o material oferece.<o:p><\/o:p><\/span><\/p>\n<p style=\"background:white\"><span lang=\"PT-BR\" style=\"font-size:11.5pt;font-family:\"Verdana\",sans-serif;color:#222222\">Garantir espa\u00e7o e tempo adequado para o momento planejado para a conversa.<o:p><\/o:p><\/span><\/p>\n<p style=\"background:white\"><span lang=\"PT-BR\" style=\"font-size:11.5pt;font-family:\"Verdana\",sans-serif;color:#222222\">Respeitar o tempo de &#8220;concentra\u00e7\u00e3o&#8221; dos idosos. A faixa et\u00e1ria e limites devem ser levados em considera\u00e7\u00e3o. Os idosos da quarta idade ou com   algum tipo de falta de mem\u00f3ria se dispersam com maior facilidade.<o:p><\/o:p><\/span><\/p>\n<p style=\"background:white\"><span lang=\"PT-BR\" style=\"font-size:11.5pt;font-family:\"Verdana\",sans-serif;color:#222222\"><o:p><\/o:p><\/span><\/p>\n<p style=\"background:white\"><span lang=\"PT-BR\" style=\"font-size:11.5pt;font-family:\"Verdana\",sans-serif;color:#222222\"><o:p>&nbsp;<\/o:p><\/span><\/p>\n<p style=\"background:white\"><span lang=\"PT-BR\" style=\"font-size:11.5pt;font-family:\"Verdana\",sans-serif;color:#222222\">3-Valorizar as conversas espont\u00e2neas dos idosos.<o:p><\/o:p><\/span><\/p>\n<p style=\"background:white\"><span lang=\"PT-BR\" style=\"font-size:11.5pt;font-family:\"Verdana\",sans-serif;color:#222222\"><o:p>&nbsp;<\/o:p><\/span><\/p>\n<p style=\"background:white\"><span lang=\"PT-BR\" style=\"font-size:11.5pt;font-family:\"Verdana\",sans-serif;color:#222222\">Ouvir o que os idosos pensam livremente, em especial enquanto fazem suas atividades e lanches (exemplo, no intervalo do cafezinho).<o:p><\/o:p><\/span><\/p>\n<p style=\"background:white\"><span lang=\"PT-BR\" style=\"font-size:11.5pt;font-family:\"Verdana\",sans-serif;color:#222222\"><o:p><\/o:p><\/span><\/p>\n<p style=\"background:white\"><span lang=\"PT-BR\" style=\"font-size:11.5pt;font-family:\"Verdana\",sans-serif;color:#222222\"><o:p>&nbsp;<\/o:p><\/span><\/p>\n<p style=\"background:white\"><span lang=\"PT-BR\" style=\"font-size:11.5pt;font-family:\"Verdana\",sans-serif;color:#222222\">4-Observar e registrar (quando necess\u00e1rio transcrever as conversas dos idosos) para:<o:p><\/o:p><\/span><\/p>\n<p style=\"background:white\"><span lang=\"PT-BR\" style=\"font-size:11.5pt;font-family:\"Verdana\",sans-serif;color:#222222\"><o:p>&nbsp;<\/o:p><\/span><\/p>\n<p style=\"background:white\"><span lang=\"PT-BR\" style=\"font-size:11.5pt;font-family:\"Verdana\",sans-serif;color:#222222\">Compreender como os idosos pensam.<o:p><\/o:p><\/span><\/p>\n<p style=\"background:white\"><span lang=\"PT-BR\" style=\"font-size:11.5pt;font-family:\"Verdana\",sans-serif;color:#222222\">Saber o que eles: gostam, sonham, suas dificuldades, desejos, valores e etc.<o:p><\/o:p><\/span><\/p>\n<p style=\"background:white\"><span lang=\"PT-BR\" style=\"font-size:11.5pt;font-family:\"Verdana\",sans-serif;color:#222222\">Fazer planejamentos de novas situa\u00e7\u00f5es.<o:p><\/o:p><\/span><\/p>\n<p style=\"background:white\"><span lang=\"PT-BR\" style=\"font-size:11.5pt;font-family:\"Verdana\",sans-serif;color:#222222\"><o:p><\/o:p><\/span><\/p>\n<p style=\"background:white\"><span lang=\"PT-BR\" style=\"font-size:11.5pt;font-family:\"Verdana\",sans-serif;color:#222222\"><o:p>&nbsp;<\/o:p><\/span><\/p>\n<p style=\"background:white\"><span lang=\"PT-BR\" style=\"font-size:11.5pt;font-family:\"Verdana\",sans-serif;color:#222222\">5-Ser o mediador e n\u00e3o o doutrinador durante a conversa.<o:p><\/o:p><\/span><\/p>\n<p style=\"background:white\"><span lang=\"PT-BR\" style=\"font-size:11.5pt;font-family:\"Verdana\",sans-serif;color:#222222\"><o:p>&nbsp;<\/o:p><\/span><\/p>\n<p style=\"background:white\"><span lang=\"PT-BR\" style=\"font-size:11.5pt;font-family:\"Verdana\",sans-serif;color:#222222\">N\u00e3o impor seus valores como corretos.<o:p><\/o:p><\/span><\/p>\n<p style=\"background:white\"><span lang=\"PT-BR\" style=\"font-size:11.5pt;font-family:\"Verdana\",sans-serif;color:#222222\">Participar como sendo mais um membro do grupo.<o:p><\/o:p><\/span><\/p>\n<p style=\"background:white\"><span lang=\"PT-BR\" style=\"font-size:11.5pt;font-family:\"Verdana\",sans-serif;color:#222222\">N\u00e3o concluir a ideia no lugar do idoso.<o:p><\/o:p><\/span><\/p>\n<p style=\"background:white\"><span lang=\"PT-BR\" style=\"font-size:11.5pt;font-family:\"Verdana\",sans-serif;color:#222222\">Respeitar a possibilidade e a necessidade de cada um concluir por si e para si.<o:p><\/o:p><\/span><\/p>\n<p style=\"background:white\"><span lang=\"PT-BR\" style=\"font-size:11.5pt;font-family:\"Verdana\",sans-serif;color:#222222\">De novo, a constru\u00e7\u00e3o de ideias \u00e9 coletiva, mas conclus\u00e3o \u00e9 individual. Os idosos s\u00e3o pessoas vividas e experientes e a sua capacidade de   responder ao Terapeuta e colegas precisa ser estimulada e valorizar a capacidade de perguntar.<o:p><\/o:p><\/span><\/p>\n<p style=\"mso-margin-top-alt:0cm;margin-right:0cm;margin-bottom:19.5pt;margin-left:0cm;background:white\">  <span lang=\"PT-BR\" style=\"font-size:11.5pt;font-family:\"Verdana\",sans-serif;color:#222222\">Por Cristiane Mayworm | Arteterapeuta da Ana Neri Day Idosos e o tema escolhido: N\u00e3o tampando o sol com a peneira foi escolhido pela Ana L\u00facia Monteiro Diretora da Ana   Neri Day que idealizou uma casa que trouxesse uma programa\u00e7\u00e3o diferenciada todas as semanas para as pessoas com mais de 60 anos que estivessem ativas, com energia e que buscassem atividades, lazer, m\u00fasica e fazer novas amizades, como era o desejo da sua m\u00e3e   Neusa Monteiro Teixeira.<o:p><\/o:p><\/span><\/p>\n<p style=\"mso-margin-top-alt:0cm;margin-right:0cm;margin-bottom:19.5pt;margin-left:0cm;background:white\">  <span lang=\"PT-BR\" style=\"font-size:11.5pt;font-family:\"Verdana\",sans-serif;color:#222222\">Texto: ano de 2015 quando atuou na Ana Neri Day junto a Enfermeira Ana L\u00facia Monteiro em Centros dias, Institui\u00e7\u00f5es de Longa Perman\u00eancia, cursos livres na EGDS da Prefeitura   para cuidadores de sa\u00fade e familiares e hospitais.<o:p><\/o:p><\/span><\/p>\n<p style=\"mso-margin-top-alt:0cm;margin-right:0cm;margin-bottom:19.5pt;margin-left:0cm;background:white\">  <span lang=\"PT-BR\" style=\"font-size:11.5pt;font-family:\"Verdana\",sans-serif;color:#222222\">Fonte:  <a href=\"https:\/\/www.reab.me\/sucesso-da-papoterapia-em-oficinas-geronto-geriatricas-de-arteterapia\/\">  https:\/\/www.reab.me\/sucesso-da-papoterapia-em-oficinas-geronto-geriatricas-de-arteterapia\/<\/a><\/span><span lang=\"PT-BR\" style=\"font-size:11.5pt;font-family:\"Verdana\",sans-serif\"><o:p><\/o:p><\/span><\/p>\n<p style=\"mso-margin-top-alt:0cm;margin-right:0cm;margin-bottom:19.5pt;margin-left:0cm;background:white\">  <span lang=\"PT-BR\" style=\"font-size:11.5pt;font-family:\"Verdana\",sans-serif;color:#222222\"><o:p>&nbsp;<\/o:p><\/span><\/p>\n<p class=\"MsoNormal\"><span lang=\"PT-BR\"><o:p>&nbsp;<\/o:p><\/span><\/p>\n<\/p><\/div>\n<\/p><\/div>\n<p><\/p>\n","protected":false},"excerpt":{"rendered":"<p>Papoterapia a Cris e a Ana sabem bem. Arquivo: Sucesso da PAPOTERAPIA em oficinas geronto geri\u00e1tricas de Arteterapia Por&nbsp; &nbsp;Ana Leite&nbsp; &#8211; &nbsp;27 de abril de 2015&nbsp;&nbsp;&nbsp;&nbsp;&nbsp;&nbsp;&nbsp; 10193 visualiza\u00e7\u00f5es at\u00e9 fev\/24 &nbsp; Legenda da imagem: Desenho com o t\u00edtulo: Quando a Boca Cala o Corpo Fala. Quando o Corpo Fala o Corpo Sara. Diversas crian\u00e7as [&hellip;]<\/p>\n","protected":false},"author":1,"featured_media":197,"comment_status":"open","ping_status":"open","sticky":false,"template":"","format":"standard","meta":{"footnotes":""},"categories":[20],"tags":[],"class_list":["post-196","post","type-post","status-publish","format-standard","has-post-thumbnail","hentry","category-geral"],"rttpg_featured_image_url":{"full":["https:\/\/tudosobreinclusao.com\/eventos\/wp-content\/uploads\/2024\/03\/image001-5.png",622,529,false],"landscape":["https:\/\/tudosobreinclusao.com\/eventos\/wp-content\/uploads\/2024\/03\/image001-5.png",622,529,false],"portraits":["https:\/\/tudosobreinclusao.com\/eventos\/wp-content\/uploads\/2024\/03\/image001-5.png",622,529,false],"thumbnail":["https:\/\/tudosobreinclusao.com\/eventos\/wp-content\/uploads\/2024\/03\/image001-5-150x150.png",150,150,true],"medium":["https:\/\/tudosobreinclusao.com\/eventos\/wp-content\/uploads\/2024\/03\/image001-5-300x255.png",300,255,true],"large":["https:\/\/tudosobreinclusao.com\/eventos\/wp-content\/uploads\/2024\/03\/image001-5.png",622,529,false],"1536x1536":["https:\/\/tudosobreinclusao.com\/eventos\/wp-content\/uploads\/2024\/03\/image001-5.png",622,529,false],"2048x2048":["https:\/\/tudosobreinclusao.com\/eventos\/wp-content\/uploads\/2024\/03\/image001-5.png",622,529,false]},"rttpg_author":{"display_name":"Cristiane Mayworm","author_link":"https:\/\/tudosobreinclusao.com\/eventos\/author\/admin\/"},"rttpg_comment":0,"rttpg_category":"<a href=\"https:\/\/tudosobreinclusao.com\/eventos\/category\/geral\/\" rel=\"category tag\">Geral<\/a>","rttpg_excerpt":"Papoterapia a Cris e a Ana sabem bem. Arquivo: Sucesso da PAPOTERAPIA em oficinas geronto geri\u00e1tricas de Arteterapia Por&nbsp; &nbsp;Ana Leite&nbsp; &#8211; &nbsp;27 de abril de 2015&nbsp;&nbsp;&nbsp;&nbsp;&nbsp;&nbsp;&nbsp; 10193 visualiza\u00e7\u00f5es at\u00e9 fev\/24 &nbsp; Legenda da imagem: Desenho com o t\u00edtulo: Quando a Boca Cala o Corpo Fala. Quando o Corpo Fala o Corpo Sara. Diversas crian\u00e7as&hellip;","_links":{"self":[{"href":"https:\/\/tudosobreinclusao.com\/eventos\/wp-json\/wp\/v2\/posts\/196","targetHints":{"allow":["GET"]}}],"collection":[{"href":"https:\/\/tudosobreinclusao.com\/eventos\/wp-json\/wp\/v2\/posts"}],"about":[{"href":"https:\/\/tudosobreinclusao.com\/eventos\/wp-json\/wp\/v2\/types\/post"}],"author":[{"embeddable":true,"href":"https:\/\/tudosobreinclusao.com\/eventos\/wp-json\/wp\/v2\/users\/1"}],"replies":[{"embeddable":true,"href":"https:\/\/tudosobreinclusao.com\/eventos\/wp-json\/wp\/v2\/comments?post=196"}],"version-history":[{"count":0,"href":"https:\/\/tudosobreinclusao.com\/eventos\/wp-json\/wp\/v2\/posts\/196\/revisions"}],"wp:featuredmedia":[{"embeddable":true,"href":"https:\/\/tudosobreinclusao.com\/eventos\/wp-json\/wp\/v2\/media\/197"}],"wp:attachment":[{"href":"https:\/\/tudosobreinclusao.com\/eventos\/wp-json\/wp\/v2\/media?parent=196"}],"wp:term":[{"taxonomy":"category","embeddable":true,"href":"https:\/\/tudosobreinclusao.com\/eventos\/wp-json\/wp\/v2\/categories?post=196"},{"taxonomy":"post_tag","embeddable":true,"href":"https:\/\/tudosobreinclusao.com\/eventos\/wp-json\/wp\/v2\/tags?post=196"}],"curies":[{"name":"wp","href":"https:\/\/api.w.org\/{rel}","templated":true}]}}