{"id":194,"date":"2024-03-07T23:11:56","date_gmt":"2024-03-08T02:11:56","guid":{"rendered":"https:\/\/tudosobreinclusao.com\/eventos\/?p=194"},"modified":"2024-03-08T00:29:08","modified_gmt":"2024-03-08T03:29:08","slug":"arteterapia-na-quarta-idade-cris-mayworm","status":"publish","type":"post","link":"https:\/\/tudosobreinclusao.com\/eventos\/arteterapia-na-quarta-idade-cris-mayworm\/","title":{"rendered":"Arteterapia na quarta idade Cris Mayworm"},"content":{"rendered":"<div>\n<div class=\"WordSection1\">\n<h1 style=\"mso-margin-top-alt:0cm;margin-right:0cm;margin-bottom:5.25pt;margin-left:0cm;line-height:37.5pt;background:white\">  <span lang=\"PT-BR\" style=\"font-size:31.0pt;font-family:Raleway;color:#222222\">Vamos relembrar? O ano \u00e9 2015<o:p><\/o:p><\/span><\/h1>\n<h1 style=\"mso-margin-top-alt:0cm;margin-right:0cm;margin-bottom:5.25pt;margin-left:0cm;line-height:37.5pt;background:white\">  <span lang=\"PT-BR\" style=\"font-size:31.0pt;font-family:Raleway;color:#222222\">Arteterapia para adultos, idosos da terceira e quarta idade (+80 anos)<o:p><\/o:p><\/span><\/h1>\n<p class=\"MsoNormal\" style=\"background:white\"><span lang=\"PT-BR\" style=\"font-size:8.5pt;font-family:\"Open Sans\",sans-serif;color:#444444\">Por &nbsp;<\/span><span style=\"font-size:8.5pt;font-family:\"Open Sans\",sans-serif;color:#444444\"><a href=\"https:\/\/www.reab.me\/author\/ana-katharina-leite\/\"><b><span lang=\"PT-BR\" style=\"color:black\">Ana   Leite<\/span><\/b><\/a><\/span><span lang=\"PT-BR\" style=\"font-size:8.5pt;font-family:\"Open Sans\",sans-serif;color:#444444\">&nbsp;&nbsp;&nbsp;  <span class=\"td-post-date\">23 de mar\u00e7o de 2015<\/span><\/span><span lang=\"PT-BR\" style=\"font-size:8.5pt;font-family:\"Open Sans\",sans-serif;color:black\"><o:p><\/o:p><\/span><\/p>\n<p class=\"MsoNormal\"><span lang=\"PT-BR\"><o:p>&nbsp;<\/o:p><\/span><\/p>\n<p class=\"MsoNormal\"><span lang=\"PT-BR\"><o:p>&nbsp;<\/o:p><\/span><\/p>\n<p class=\"MsoNormal\"><span lang=\"PT-BR\"><\/span><span lang=\"PT-BR\"><o:p><\/o:p><\/span><\/p>\n<p class=\"MsoNormal\"><span lang=\"PT-BR\"><o:p>&nbsp;<\/o:p><\/span><\/p>\n<p class=\"MsoNormal\"><span lang=\"PT-BR\">Legenda da imagem: Cristiane est\u00e1 na ponta da mesa a esquerda com notebook aberto com imagem passando na TV de show da Elis Regina, diversas pessoas est\u00e3o sentadas fazendo pintura e cantando. Materiais de pintura e arte   espalhados pela mesa de madeira.<o:p><\/o:p><\/span><\/p>\n<p class=\"MsoNormal\"><span lang=\"PT-BR\"><o:p>&nbsp;<\/o:p><\/span><\/p>\n<p style=\"mso-margin-top-alt:0cm;margin-right:0cm;margin-bottom:19.5pt;margin-left:0cm;background:white\">  <span lang=\"PT-BR\" style=\"font-size:11.5pt;font-family:\"Verdana\",sans-serif;color:#222222\">Artes-integrativas que estimulam a criatividade, a mem\u00f3ria, integra\u00e7\u00e3o social, atividade cognitiva e motora, bem estar e \u00e2nimo, favorecem o resgate da autoestima, favorecendo   a autonomia de atividades di\u00e1rias e com objetivo da melhoria da qualidade de vida e sa\u00fade.<o:p><\/o:p><\/span><\/p>\n<p style=\"mso-margin-top-alt:0cm;margin-right:0cm;margin-bottom:19.5pt;margin-left:0cm;background:white;box-sizing: border-box;overflow-wrap: break-word;font-variant-ligatures: normal;font-variant-caps: normal;orphans: 2;text-align:start;widows: 2;-webkit-text-stroke-width: 0px;text-decoration-thickness: initial;text-decoration-style: initial;text-decoration-color: initial;word-spacing:0px\">  <span lang=\"PT-BR\" style=\"font-size:11.5pt;font-family:\"Verdana\",sans-serif;color:#222222\">A Arteterapia focada em adultos e idosos \u00e9 um processo terap\u00eautico que se utiliza da arte e dos mais diversos recursos expressivos na promo\u00e7\u00e3o do bem estar.&nbsp; A Arteterapia   pode ser oferecida a quaisquer pessoas, tenham ou n\u00e3o aptid\u00f5es art\u00edsticas, pois esses s\u00e3o encorajados a se expressarem livremente e n\u00e3o a produzirem obras de valor est\u00e9tico.<o:p><\/o:p><\/span><\/p>\n<p style=\"mso-margin-top-alt:0cm;margin-right:0cm;margin-bottom:19.5pt;margin-left:0cm;background:white;box-sizing: border-box;overflow-wrap: break-word;font-variant-ligatures: normal;font-variant-caps: normal;orphans: 2;text-align:start;widows: 2;-webkit-text-stroke-width: 0px;text-decoration-thickness: initial;text-decoration-style: initial;text-decoration-color: initial;word-spacing:0px\">  <span lang=\"PT-BR\" style=\"font-size:11.5pt;font-family:\"Verdana\",sans-serif;color:#222222\">\u00c9 sabido que as cores, as formas, as texturas, as misturas e o l\u00fadico liberam a criatividade adormecida de qualquer pessoa. Muitos relembram desenhos, fatos e gostos   que trazem uma grande sensa\u00e7\u00e3o de prazer e alegria.<o:p><\/o:p><\/span><\/p>\n<p style=\"mso-margin-top-alt:0cm;margin-right:0cm;margin-bottom:19.5pt;margin-left:0cm;background:white;box-sizing: border-box;overflow-wrap: break-word;font-variant-ligatures: normal;font-variant-caps: normal;orphans: 2;text-align:start;widows: 2;-webkit-text-stroke-width: 0px;text-decoration-thickness: initial;text-decoration-style: initial;text-decoration-color: initial;word-spacing:0px\">  <span lang=\"PT-BR\" style=\"font-size:11.5pt;font-family:\"Verdana\",sans-serif;color:#222222\">Arteterapia \u00e9 o nome dado \u00e0 arte livre aliada ao processo terap\u00eautico, e sua ess\u00eancia \u00e9 a cria\u00e7\u00e3o est\u00e9tica e a produ\u00e7\u00e3o art\u00edstica em prol da sa\u00fade. Como a arte \u00e9 uma   forma de express\u00e3o dos sentimentos de um indiv\u00edduo, a arteterapia auxilia na reorganiza\u00e7\u00e3o interna do indiv\u00edduo, funcionando como uma terapia regeneradora.<o:p><\/o:p><\/span><\/p>\n<p style=\"mso-margin-top-alt:0cm;margin-right:0cm;margin-bottom:19.5pt;margin-left:0cm;background:white;box-sizing: border-box;overflow-wrap: break-word;font-variant-ligatures: normal;font-variant-caps: normal;orphans: 2;text-align:start;widows: 2;-webkit-text-stroke-width: 0px;text-decoration-thickness: initial;text-decoration-style: initial;text-decoration-color: initial;word-spacing:0px\">  <span lang=\"PT-BR\" style=\"font-size:11.5pt;font-family:\"Verdana\",sans-serif;color:#222222\">Utilizamos t\u00e9cnicas art\u00edsticas como pintura (com giz, l\u00e1pis, tinta), sementes, v\u00eddeos e sons diversos da natureza para musicoterapia, colagem, recortes, express\u00e3o corporal,   reciclagem e confec\u00e7\u00e3o de algumas pe\u00e7as de artesanato, entre outras t\u00e9cnicas para que os idosos interajam e criem suas pr\u00f3prias express\u00f5es e sentimentos.<o:p><\/o:p><\/span><\/p>\n<p style=\"mso-margin-top-alt:0cm;margin-right:0cm;margin-bottom:19.5pt;margin-left:0cm;background:white;box-sizing: border-box;overflow-wrap: break-word;font-variant-ligatures: normal;font-variant-caps: normal;orphans: 2;text-align:start;widows: 2;-webkit-text-stroke-width: 0px;text-decoration-thickness: initial;text-decoration-style: initial;text-decoration-color: initial;word-spacing:0px\">  <span lang=\"PT-BR\" style=\"font-size:11.5pt;font-family:\"Verdana\",sans-serif;color:#222222\">\u00c9 importante ressaltar que essa &#8220;Terapia art\u00edstica&#8221; \u00e9 uma busca do seu Ser Interior e n\u00e3o \u00e9 necess\u00e1rio que ele tenha aptid\u00e3o art\u00edstica, pois nas atividades, estimulamos   atrav\u00e9s de exerc\u00edcios e confian\u00e7a a sua autoestima, liberdade de expressar-se e soltando sua criatividade inerente.<o:p><\/o:p><\/span><\/p>\n<p style=\"mso-margin-top-alt:0cm;margin-right:0cm;margin-bottom:19.5pt;margin-left:0cm;background:white;box-sizing: border-box;overflow-wrap: break-word;font-variant-ligatures: normal;font-variant-caps: normal;orphans: 2;text-align:start;widows: 2;-webkit-text-stroke-width: 0px;text-decoration-thickness: initial;text-decoration-style: initial;text-decoration-color: initial;word-spacing:0px\">  <span lang=\"PT-BR\" style=\"font-size:11.5pt;font-family:\"Verdana\",sans-serif;color:#222222\">Obrigada e boas atividades. Texto: Cristiane Mayworm Ano de 2015 quando atuou na Ana Neri Day junto a Enfermeira Ana L\u00facia Monteiro em Centros dias, Institui\u00e7\u00f5es de Longa   Perman\u00eancia, cursos livres na EGDS da Prefeitura para cuidadores de sa\u00fade e familiares e hospitais.<o:p><\/o:p><\/span><\/p>\n<p style=\"mso-margin-top-alt:0cm;margin-right:0cm;margin-bottom:19.5pt;margin-left:0cm;background:white\">  <span lang=\"PT-BR\" style=\"font-size:11.5pt;font-family:\"Verdana\",sans-serif;color:#222222\">Imagem:&nbsp;acervo da Ana Neri Day&nbsp;Centro Dia para Idosos em Campinas<o:p><\/o:p><\/span><\/p>\n<p style=\"mso-margin-top-alt:0cm;margin-right:0cm;margin-bottom:19.5pt;margin-left:0cm;background:white\">  <span lang=\"PT-BR\" style=\"font-size:11.5pt;font-family:\"Verdana\",sans-serif;color:#222222\">Fonte:  <a href=\"https:\/\/www.reab.me\/arteterapia-para-adultos-idosos-da-terceira-idade-e-para-idosos-da-quarta-idade-80-anos\/\">  https:\/\/www.reab.me\/arteterapia-para-adultos-idosos-da-terceira-idade-e-para-idosos-da-quarta-idade-80-anos\/<\/a><\/span><span lang=\"PT-BR\" style=\"font-size:11.5pt;font-family:\"Verdana\",sans-serif\"><o:p><\/o:p><\/span><\/p>\n<p style=\"mso-margin-top-alt:0cm;margin-right:0cm;margin-bottom:19.5pt;margin-left:0cm;background:white\">  <span lang=\"PT-BR\" style=\"font-size:11.5pt;font-family:\"Verdana\",sans-serif;color:#222222\"><o:p>&nbsp;<\/o:p><\/span><\/p>\n<p class=\"MsoNormal\"><span lang=\"PT-BR\"><o:p><\/o:p><\/span><\/p>\n<\/p><\/div>\n<\/p><\/div>\n<p><\/p>\n","protected":false},"excerpt":{"rendered":"<p>Vamos relembrar? O ano \u00e9 2015 Arteterapia para adultos, idosos da terceira e quarta idade (+80 anos) Por &nbsp;Ana Leite&nbsp;&nbsp;&nbsp; 23 de mar\u00e7o de 2015 &nbsp; &nbsp; &nbsp; Legenda da imagem: Cristiane est\u00e1 na ponta da mesa a esquerda com notebook aberto com imagem passando na TV de show da Elis Regina, diversas pessoas est\u00e3o [&hellip;]<\/p>\n","protected":false},"author":1,"featured_media":195,"comment_status":"open","ping_status":"open","sticky":false,"template":"","format":"standard","meta":{"footnotes":""},"categories":[20],"tags":[],"class_list":["post-194","post","type-post","status-publish","format-standard","has-post-thumbnail","hentry","category-geral"],"rttpg_featured_image_url":{"full":["https:\/\/tudosobreinclusao.com\/eventos\/wp-content\/uploads\/2024\/03\/image001-3.jpg",640,480,false],"landscape":["https:\/\/tudosobreinclusao.com\/eventos\/wp-content\/uploads\/2024\/03\/image001-3.jpg",640,480,false],"portraits":["https:\/\/tudosobreinclusao.com\/eventos\/wp-content\/uploads\/2024\/03\/image001-3.jpg",640,480,false],"thumbnail":["https:\/\/tudosobreinclusao.com\/eventos\/wp-content\/uploads\/2024\/03\/image001-3-150x150.jpg",150,150,true],"medium":["https:\/\/tudosobreinclusao.com\/eventos\/wp-content\/uploads\/2024\/03\/image001-3-300x225.jpg",300,225,true],"large":["https:\/\/tudosobreinclusao.com\/eventos\/wp-content\/uploads\/2024\/03\/image001-3.jpg",640,480,false],"1536x1536":["https:\/\/tudosobreinclusao.com\/eventos\/wp-content\/uploads\/2024\/03\/image001-3.jpg",640,480,false],"2048x2048":["https:\/\/tudosobreinclusao.com\/eventos\/wp-content\/uploads\/2024\/03\/image001-3.jpg",640,480,false]},"rttpg_author":{"display_name":"Cristiane Mayworm","author_link":"https:\/\/tudosobreinclusao.com\/eventos\/author\/admin\/"},"rttpg_comment":0,"rttpg_category":"<a href=\"https:\/\/tudosobreinclusao.com\/eventos\/category\/geral\/\" rel=\"category tag\">Geral<\/a>","rttpg_excerpt":"Vamos relembrar? O ano \u00e9 2015 Arteterapia para adultos, idosos da terceira e quarta idade (+80 anos) Por &nbsp;Ana Leite&nbsp;&nbsp;&nbsp; 23 de mar\u00e7o de 2015 &nbsp; &nbsp; &nbsp; Legenda da imagem: Cristiane est\u00e1 na ponta da mesa a esquerda com notebook aberto com imagem passando na TV de show da Elis Regina, diversas pessoas est\u00e3o&hellip;","_links":{"self":[{"href":"https:\/\/tudosobreinclusao.com\/eventos\/wp-json\/wp\/v2\/posts\/194","targetHints":{"allow":["GET"]}}],"collection":[{"href":"https:\/\/tudosobreinclusao.com\/eventos\/wp-json\/wp\/v2\/posts"}],"about":[{"href":"https:\/\/tudosobreinclusao.com\/eventos\/wp-json\/wp\/v2\/types\/post"}],"author":[{"embeddable":true,"href":"https:\/\/tudosobreinclusao.com\/eventos\/wp-json\/wp\/v2\/users\/1"}],"replies":[{"embeddable":true,"href":"https:\/\/tudosobreinclusao.com\/eventos\/wp-json\/wp\/v2\/comments?post=194"}],"version-history":[{"count":0,"href":"https:\/\/tudosobreinclusao.com\/eventos\/wp-json\/wp\/v2\/posts\/194\/revisions"}],"wp:featuredmedia":[{"embeddable":true,"href":"https:\/\/tudosobreinclusao.com\/eventos\/wp-json\/wp\/v2\/media\/195"}],"wp:attachment":[{"href":"https:\/\/tudosobreinclusao.com\/eventos\/wp-json\/wp\/v2\/media?parent=194"}],"wp:term":[{"taxonomy":"category","embeddable":true,"href":"https:\/\/tudosobreinclusao.com\/eventos\/wp-json\/wp\/v2\/categories?post=194"},{"taxonomy":"post_tag","embeddable":true,"href":"https:\/\/tudosobreinclusao.com\/eventos\/wp-json\/wp\/v2\/tags?post=194"}],"curies":[{"name":"wp","href":"https:\/\/api.w.org\/{rel}","templated":true}]}}