{"id":191,"date":"2024-03-07T22:59:05","date_gmt":"2024-03-08T01:59:05","guid":{"rendered":"https:\/\/tudosobreinclusao.com\/eventos\/?p=191"},"modified":"2024-03-08T00:29:07","modified_gmt":"2024-03-08T03:29:07","slug":"senac-smp-fashion-week-tic-moda-plural","status":"publish","type":"post","link":"https:\/\/tudosobreinclusao.com\/eventos\/senac-smp-fashion-week-tic-moda-plural\/","title":{"rendered":"SENAC SMP Fashion Week + TIC Moda Plural"},"content":{"rendered":"<div>\n<div class=\"WordSection1\">\n<p class=\"MsoNormal\" style=\"mso-margin-top-alt:11.25pt;margin-right:0cm;margin-bottom:11.25pt;margin-left:0cm;line-height:30.0pt\">  <b><span lang=\"PT-BR\" style=\"font-size:25.5pt;font-family:\"Aptos\",sans-serif;color:#2A2E43;mso-ligatures:none\">A TIC participou da S\u00e3o Miguel Paulista Fashion Week &#8211; SMP Fashion Week<o:p><\/o:p><\/span><\/b><\/p>\n<p class=\"MsoNormal\" style=\"mso-margin-top-alt:11.25pt;margin-right:0cm;margin-bottom:11.25pt;margin-left:0cm;line-height:30.0pt\">  <b><span lang=\"PT-BR\" style=\"font-size:25.5pt;font-family:\"Aptos\",sans-serif;color:#2A2E43;mso-ligatures:none\">Aconteceu dias 04\/12\/2023 at\u00e9 08\/12\/2023, Evento presencial gratuito<o:p><\/o:p><\/span><\/b><\/p>\n<p class=\"MsoNormal\" style=\"mso-margin-top-alt:11.25pt;margin-right:0cm;margin-bottom:11.25pt;margin-left:0cm;line-height:30.0pt\">  <b><span lang=\"PT-BR\" style=\"font-size:25.5pt;font-family:\"Aptos\",sans-serif;color:#2A2E43;mso-ligatures:none\">Bem-vindos ao S\u00e3o Miguel Paulista Fashion Week, uma experi\u00eancia de moda que transcende fronteiras geogr\u00e1ficas e est\u00e9ticas, mergulhando nas ra\u00edzes   culturais e na express\u00e3o \u00fanica da moda em regi\u00f5es perif\u00e9ricas. O SMP Fashion Week \u00e9 uma celebra\u00e7\u00e3o da autenticidade, da hist\u00f3ria e do talento que pulsa nas veias das quebradas.<o:p><\/o:p><\/span><\/b><\/p>\n<p class=\"MsoNormal\" style=\"mso-margin-top-alt:11.25pt;margin-right:0cm;margin-bottom:11.25pt;margin-left:0cm;line-height:30.0pt\">  <b><span lang=\"PT-BR\" style=\"font-size:25.5pt;font-family:\"Aptos\",sans-serif;color:#2A2E43;mso-ligatures:none\">Tudo sobre inclus\u00e3o: Moda plural<o:p><\/o:p><\/span><\/b><\/p>\n<p class=\"MsoNormal\" style=\"margin-bottom:9.0pt\"><span lang=\"PT-BR\" style=\"font-size:12.0pt;font-family:\"Aptos\",sans-serif;color:#4F596F;mso-ligatures:none\">Grace Santos e Cris Mayworm compartilhar\u00e3o insights valiosos sobre a import\u00e2ncia de uma abordagem inclusiva   na produ\u00e7\u00e3o de roupas em uma conversa mediada pela docente e designer de moda Bia&nbsp;De Carlo. Juntos, podemos moldar um futuro onde a moda \u00e9 verdadeiramente plural e acess\u00edvel a todos.<o:p><\/o:p><\/span><\/p>\n<div class=\"MsoNormal\" align=\"center\" style=\"margin-top:22.5pt;text-align:center\">  <span style=\"font-size:12.0pt;font-family:\"Aptos\",sans-serif;mso-ligatures:none\">  <\/p>\n<hr size=\"2\" width=\"100%\" noshade=\"\" style=\"color:black\" align=\"center\">  <\/span><\/div>\n<p class=\"MsoNormal\" style=\"mso-margin-top-alt:22.5pt;margin-right:0cm;margin-bottom:7.5pt;margin-left:0cm\">  <b><span style=\"font-size:13.5pt;font-family:Montserrat;color:#2A2E43;mso-ligatures:none\">Palestrantes<o:p><\/o:p><\/span><\/b><\/p>\n<p class=\"MsoNormal\"><span style=\"font-size:12.0pt;font-family:Montserrat;color:black\"><\/span><span style=\"font-size:12.0pt;font-family:Montserrat;color:black;mso-ligatures:none\"><o:p><\/o:p><\/span><\/p>\n<p class=\"MsoNormal\"><b><span lang=\"PT-BR\" style=\"font-size:12.0pt;font-family:Montserrat;color:#2A2E43;mso-ligatures:none\"><o:p>&nbsp;<\/o:p><\/span><\/b><\/p>\n<p class=\"MsoNormal\"><b><span lang=\"PT-BR\" style=\"font-size:12.0pt;font-family:Montserrat;color:#2A2E43;mso-ligatures:none\">Grace Santos<o:p><\/o:p><\/span><\/b><\/p>\n<p class=\"MsoNormal\" style=\"margin-bottom:9.0pt\"><span lang=\"PT-BR\" style=\"font-size:10.5pt;font-family:Montserrat;color:#4F596F;mso-ligatures:none\">Formada em RH e Economia, se tornou empreendedora social desde 2017 quando percebeu a aus\u00eancia de corpos com   defici\u00eancia nos locais que frequentava. Fundou a marca Angel\u00b4s Grace Moda Inclusiva, com o prop\u00f3sito de trazer \u00e0 discuss\u00e3o temas como capacitismo, autonomia e inclus\u00e3o de corpos com defici\u00eancia em diversas \u00e1reas, desde mercado de trabalho at\u00e9 desfiles de passarelas.  <\/span><span style=\"font-size:10.5pt;font-family:Montserrat;color:#4F596F;mso-ligatures:none\">Atualmente se dedica a palestras sobre empreendedorismo inclusivo.<o:p><\/o:p><\/span><\/p>\n<p class=\"MsoNormal\" style=\"margin-bottom:9.0pt\"><span style=\"font-size:10.5pt;font-family:Montserrat;color:#4F596F;mso-ligatures:none\"><o:p>&nbsp;<\/o:p><\/span><\/p>\n<p class=\"MsoNormal\"><span style=\"font-size:12.0pt;font-family:Montserrat;color:black\"><img loading=\"lazy\" decoding=\"async\" width=\"150\" height=\"150\" style=\"width:1.5625in;height:1.5625in\" id=\"Imagem_x0020_7\" src=\"https:\/\/tudosobreinclusao.com\/eventos\/wp-content\/uploads\/2024\/03\/image002.png\"><\/span><span style=\"font-size:12.0pt;font-family:Montserrat;color:black;mso-ligatures:none\"><o:p><\/o:p><\/span><\/p>\n<p class=\"MsoNormal\"><b><span lang=\"PT-BR\" style=\"font-size:12.0pt;font-family:Montserrat;color:#2A2E43;mso-ligatures:none\"><o:p>&nbsp;<\/o:p><\/span><\/b><\/p>\n<p class=\"MsoNormal\"><b><span lang=\"PT-BR\" style=\"font-size:12.0pt;font-family:Montserrat;color:#2A2E43;mso-ligatures:none\">Cristiane Mayworm Montes<o:p><\/o:p><\/span><\/b><\/p>\n<p class=\"MsoNormal\" style=\"margin-bottom:9.0pt\"><span lang=\"PT-BR\" style=\"font-size:10.5pt;font-family:Montserrat;color:#4F596F;mso-ligatures:none\">Palestrante anticapacista. Formada em Marketing e Propaganda, Gest\u00e3o de Neg\u00f3cios. Consultora de relacionamento   interpessoal e Atendimento ao Cliente plural e com defici\u00eancia. CEO da Tudo Sobre Inclus\u00e3o, Consultoria para a Diversidade &amp; Inclus\u00e3o &#8211; hub de especialistas com defici\u00eancia e diversos. &#8220;Nada sobre eles, sem eles!&#8221; Coordenou estudos com grupos de trabalho sobre   comportamento do consumidor no mercado f\u00edsico e online e cliente oculto. Modelo plus size master, estudou moda adaptada, afro-brasileira e ind\u00edgena. Audiodescritora nas maiores semanas de moda brasileira e especialista em Comunica\u00e7\u00e3o Acess\u00edvel e Neg\u00f3cios inclusivos   e acess\u00edvel. Sua m\u00e3e mulher de baixa vis\u00e3o e adotada e tem filho adulto com autismo.<o:p><\/o:p><\/span><\/p>\n<p class=\"MsoNormal\" style=\"margin-bottom:9.0pt\"><span lang=\"PT-BR\" style=\"font-size:10.5pt;font-family:Montserrat;color:#4F596F;mso-ligatures:none\">&nbsp;<\/span><span lang=\"PT-BR\">Fonte:  <a href=\"https:\/\/eventos.sp.senac.br\/evento\/sao-miguel-paulista-fashion-week-smp-fashion-week\/\">  https:\/\/eventos.sp.senac.br\/evento\/sao-miguel-paulista-fashion-week-smp-fashion-week\/<\/a><o:p><\/o:p><\/span><\/p>\n<\/p><\/div>\n<\/p><\/div>\n<p><\/p>\n","protected":false},"excerpt":{"rendered":"<p>A TIC participou da S\u00e3o Miguel Paulista Fashion Week &#8211; SMP Fashion Week Aconteceu dias 04\/12\/2023 at\u00e9 08\/12\/2023, Evento presencial gratuito Bem-vindos ao S\u00e3o Miguel Paulista Fashion Week, uma experi\u00eancia de moda que transcende fronteiras geogr\u00e1ficas e est\u00e9ticas, mergulhando nas ra\u00edzes culturais e na express\u00e3o \u00fanica da moda em regi\u00f5es perif\u00e9ricas. O SMP Fashion Week [&hellip;]<\/p>\n","protected":false},"author":1,"featured_media":192,"comment_status":"open","ping_status":"open","sticky":false,"template":"","format":"standard","meta":{"footnotes":""},"categories":[20],"tags":[],"class_list":["post-191","post","type-post","status-publish","format-standard","has-post-thumbnail","hentry","category-geral"],"rttpg_featured_image_url":{"full":["https:\/\/tudosobreinclusao.com\/eventos\/wp-content\/uploads\/2024\/03\/image001-4.png",150,150,false],"landscape":["https:\/\/tudosobreinclusao.com\/eventos\/wp-content\/uploads\/2024\/03\/image001-4.png",150,150,false],"portraits":["https:\/\/tudosobreinclusao.com\/eventos\/wp-content\/uploads\/2024\/03\/image001-4.png",150,150,false],"thumbnail":["https:\/\/tudosobreinclusao.com\/eventos\/wp-content\/uploads\/2024\/03\/image001-4.png",150,150,false],"medium":["https:\/\/tudosobreinclusao.com\/eventos\/wp-content\/uploads\/2024\/03\/image001-4.png",150,150,false],"large":["https:\/\/tudosobreinclusao.com\/eventos\/wp-content\/uploads\/2024\/03\/image001-4.png",150,150,false],"1536x1536":["https:\/\/tudosobreinclusao.com\/eventos\/wp-content\/uploads\/2024\/03\/image001-4.png",150,150,false],"2048x2048":["https:\/\/tudosobreinclusao.com\/eventos\/wp-content\/uploads\/2024\/03\/image001-4.png",150,150,false]},"rttpg_author":{"display_name":"Cristiane Mayworm","author_link":"https:\/\/tudosobreinclusao.com\/eventos\/author\/admin\/"},"rttpg_comment":0,"rttpg_category":"<a href=\"https:\/\/tudosobreinclusao.com\/eventos\/category\/geral\/\" rel=\"category tag\">Geral<\/a>","rttpg_excerpt":"A TIC participou da S\u00e3o Miguel Paulista Fashion Week &#8211; SMP Fashion Week Aconteceu dias 04\/12\/2023 at\u00e9 08\/12\/2023, Evento presencial gratuito Bem-vindos ao S\u00e3o Miguel Paulista Fashion Week, uma experi\u00eancia de moda que transcende fronteiras geogr\u00e1ficas e est\u00e9ticas, mergulhando nas ra\u00edzes culturais e na express\u00e3o \u00fanica da moda em regi\u00f5es perif\u00e9ricas. O SMP Fashion Week&hellip;","_links":{"self":[{"href":"https:\/\/tudosobreinclusao.com\/eventos\/wp-json\/wp\/v2\/posts\/191","targetHints":{"allow":["GET"]}}],"collection":[{"href":"https:\/\/tudosobreinclusao.com\/eventos\/wp-json\/wp\/v2\/posts"}],"about":[{"href":"https:\/\/tudosobreinclusao.com\/eventos\/wp-json\/wp\/v2\/types\/post"}],"author":[{"embeddable":true,"href":"https:\/\/tudosobreinclusao.com\/eventos\/wp-json\/wp\/v2\/users\/1"}],"replies":[{"embeddable":true,"href":"https:\/\/tudosobreinclusao.com\/eventos\/wp-json\/wp\/v2\/comments?post=191"}],"version-history":[{"count":0,"href":"https:\/\/tudosobreinclusao.com\/eventos\/wp-json\/wp\/v2\/posts\/191\/revisions"}],"wp:featuredmedia":[{"embeddable":true,"href":"https:\/\/tudosobreinclusao.com\/eventos\/wp-json\/wp\/v2\/media\/192"}],"wp:attachment":[{"href":"https:\/\/tudosobreinclusao.com\/eventos\/wp-json\/wp\/v2\/media?parent=191"}],"wp:term":[{"taxonomy":"category","embeddable":true,"href":"https:\/\/tudosobreinclusao.com\/eventos\/wp-json\/wp\/v2\/categories?post=191"},{"taxonomy":"post_tag","embeddable":true,"href":"https:\/\/tudosobreinclusao.com\/eventos\/wp-json\/wp\/v2\/tags?post=191"}],"curies":[{"name":"wp","href":"https:\/\/api.w.org\/{rel}","templated":true}]}}