{"id":189,"date":"2024-03-07T22:51:30","date_gmt":"2024-03-08T01:51:30","guid":{"rendered":"https:\/\/tudosobreinclusao.com\/eventos\/?p=189"},"modified":"2024-03-07T22:55:07","modified_gmt":"2024-03-08T01:55:07","slug":"revista-textil-e-a-smp-fashion-week-tic","status":"publish","type":"post","link":"https:\/\/tudosobreinclusao.com\/eventos\/revista-textil-e-a-smp-fashion-week-tic\/","title":{"rendered":"Revista Textil  e a SMP Fashion Week +TIC"},"content":{"rendered":"<div>\n<div class=\"WordSection1\">\n<h1 style=\"margin:0cm;mso-line-height-alt:12.0pt;vertical-align:baseline\"><span lang=\"PT-BR\" style=\"font-size:22.5pt;color:#212121;font-weight:normal\">Mat\u00e9ria Tudo Sobre Inclus\u00e3o: Moda Plural em dez\/2023 na SMP Fashion Week<o:p><\/o:p><\/span><\/h1>\n<h1 style=\"margin:0cm;mso-line-height-alt:12.0pt;vertical-align:baseline\"><span lang=\"PT-BR\" style=\"font-size:22.5pt;color:#212121;font-weight:normal\">Senac S\u00e3o Miguel Paulista promove evento S\u00e3o Miguel Paulista Fashion Week com palestras e desfiles de estilistas   renomados<o:p><\/o:p><\/span><\/h1>\n<p class=\"post-meta\" style=\"margin:0cm;vertical-align:baseline;box-sizing: border-box;outline: 0px;text-size-adjust: 100%\">  <span style=\"font-size:10.5pt\"><a href=\"https:\/\/revistatextil.com.br\/category\/noticias\/\"><span style=\"color:#666666;border:none windowtext 1.0pt;padding:0cm\">Not\u00edcias<\/span><\/a>,&nbsp;<a href=\"https:\/\/revistatextil.com.br\/category\/noticias\/textil-pt\/\"><span style=\"color:#666666;border:none windowtext 1.0pt;padding:0cm\">T\u00eaxtil<\/span><\/a>,&nbsp;<a href=\"https:\/\/revistatextil.com.br\/category\/noticias\/moda-pt\/\"><span style=\"color:#666666;border:none windowtext 1.0pt;padding:0cm\">Moda<\/span><\/a><o:p><\/o:p><\/span><\/p>\n<p style=\"margin:0cm;vertical-align:baseline;box-sizing: border-box;outline: 0px;text-size-adjust: 100%\">  <span style=\"font-size:10.5pt\"><\/span><span style=\"font-size:10.5pt\"><o:p><\/o:p><\/span><\/p>\n<p style=\"margin:0cm;vertical-align:baseline;box-sizing: border-box;outline: 0px;text-size-adjust: 100%\">  <span lang=\"PT-BR\" style=\"font-size:10.5pt\"><o:p>&nbsp;<\/o:p><\/span><\/p>\n<p style=\"margin:0cm;vertical-align:baseline\"><span lang=\"PT-BR\" style=\"font-size:10.5pt\">Repercutir o empreendedorismo, diversidade e a pluralidade da moda em regi\u00f5es perif\u00e9ricas \u00e9 o objetivo do S\u00e3o Miguel Paulista Fashion Week, que acontece at\u00e9 o dia 8 de   dezembro no Senac S\u00e3o Miguel Paulista, na zona leste da capital. A pr ograma\u00e7\u00e3o e o perfil completo dos participantes est\u00e3o no site do&nbsp;<\/span><span style=\"font-size:10.5pt\"><a href=\"https:\/\/click.cse360.com.br\/Click\/AddCampaignEmailClick\/ce13ef80-1a18-4d10-2a67-08dbf01313cc\/https%253a%252f%252feventos.sp.senac.br%252fevento%252fsao-miguel-paulista-fashion-week-smp-fashion-week%252f\/b69de03a-d071-44e6-9e09-08d7c5ff26d1\/revistatextil@revistatextil.com.br\/True\" target=\"_blank\" rel=\"noopener\"><span lang=\"PT-BR\" style=\"color:#F3090A;border:none windowtext 1.0pt;padding:0cm\">Senac<\/span><\/a><\/span><span lang=\"PT-BR\" style=\"font-size:10.5pt\">,   onde \u00e9 necess\u00e1rio realizar uma inscri\u00e7\u00e3o.<o:p><\/o:p><\/span><\/p>\n<p style=\"margin:0cm;vertical-align:baseline;box-sizing: border-box;outline: 0px;text-size-adjust: 100%\">  <span lang=\"PT-BR\" style=\"font-size:10.5pt\"><o:p>&nbsp;<\/o:p><\/span><\/p>\n<p style=\"margin:0cm;vertical-align:baseline\"><span lang=\"PT-BR\" style=\"font-size:10.5pt\">Gratuito, o evento re\u00fane profissionais do segmento como os docentes da \u00e1rea de moda do Senac S\u00e3o Paulo, estilistas e diretores criativos em palestras com a tem\u00e1tica voltada   para a inclus\u00e3o.&nbsp; Al\u00e9m disso, o evento recebe desfiles de jovens e renomados estilistas como, por exemplo, a marca AZ Marias, da estilista e docente da institui\u00e7\u00e3o Cintia Felix, que j\u00e1 marcou presen\u00e7a em grandes eventos como o S\u00e3o Paulo Fashion Week.<o:p><\/o:p><\/span><\/p>\n<p style=\"margin:0cm;vertical-align:baseline;box-sizing: border-box;outline: 0px;text-size-adjust: 100%\">  <span lang=\"PT-BR\" style=\"font-size:10.5pt\"><o:p>&nbsp;<\/o:p><\/span><\/p>\n<p style=\"margin:0cm;vertical-align:baseline\"><span lang=\"PT-BR\" style=\"font-size:10.5pt\">Dentre os destaques da programa\u00e7\u00e3o, no dia 6, das 14h30 \u00e0s 15h30, acontece a palestra&nbsp;<strong><span style=\"font-family:\"Aptos\",sans-serif;border:none windowtext 1.0pt;padding:0cm\">Tudo   sobre inclus\u00e3o: Moda plural<\/span><\/strong>, com a participa\u00e7\u00e3o de Grace Santos, fundadora da marca Angel\u00b4s Grace Moda Inclusiva, e Cristiane Mayworm Montes, CEO da Tudo Sobre Inclus\u00e3o, Consultoria para a Diversidade &amp; Inclus\u00e3o. No mesmo dia, \u00e0s 20h30, o estilista   Yuri Godoy promove um desfile.<o:p><\/o:p><\/span><\/p>\n<p style=\"margin:0cm;vertical-align:baseline;box-sizing: border-box;outline: 0px;text-size-adjust: 100%\">  <span lang=\"PT-BR\" style=\"font-size:10.5pt\"><o:p>&nbsp;<\/o:p><\/span><\/p>\n<p style=\"margin:0cm;vertical-align:baseline\"><strong><span lang=\"PT-BR\" style=\"font-size:10.5pt;font-family:\"Aptos\",sans-serif;border:none windowtext 1.0pt;padding:0cm\">Tradi\u00e7\u00e3o na \u00e1rea da moda<\/span><\/strong><span lang=\"PT-BR\" style=\"font-size:10.5pt\"><o:p><\/o:p><\/span><\/p>\n<p style=\"margin:0cm;vertical-align:baseline;box-sizing: border-box;outline: 0px;text-size-adjust: 100%\">  <span lang=\"PT-BR\" style=\"font-size:10.5pt\">Desde 1964, o Senac S\u00e3o Paulo atua na \u00e1rea de moda oferecendo uma trilha formativa inovadora, com portf\u00f3lio amplo em diferentes n\u00edveis de ensino &#8212; cursos livres, t\u00e9cnicos, gradua\u00e7\u00e3o, p\u00f3s-gradua\u00e7\u00e3o e extens\u00e3o universit\u00e1ria.   A institui\u00e7\u00e3o contribuiu na forma\u00e7\u00e3o de muitos profissionais com trabalhos relevantes para o mundo da moda e investe em parcerias educacionais com profissionais atuantes no mercado como o estilista Jo\u00e3o Pimenta, que desde 2018 \u00e9 consultor criativo do Bacharelado   em Design de Moda do Senac S\u00e3o Paulo.<o:p><\/o:p><\/span><\/p>\n<p style=\"margin:0cm;vertical-align:baseline;box-sizing: border-box;outline: 0px;text-size-adjust: 100%\">  <strong><u><span lang=\"PT-BR\" style=\"font-size:10.5pt;font-family:\"Aptos\",sans-serif;border:none windowtext 1.0pt;padding:0cm\"><o:p><span style=\"text-decoration:none\">&nbsp;<\/span><\/o:p><\/span><\/u><\/strong><\/p>\n<p style=\"margin:0cm;vertical-align:baseline\"><strong><u><span lang=\"PT-BR\" style=\"font-size:10.5pt;font-family:\"Aptos\",sans-serif;border:none windowtext 1.0pt;padding:0cm\">Servi\u00e7o<\/span><\/u><\/strong><span lang=\"PT-BR\" style=\"font-size:10.5pt\"><o:p><\/o:p><\/span><\/p>\n<p style=\"margin:0cm;vertical-align:baseline;box-sizing: border-box;outline: 0px;text-size-adjust: 100%\">  <strong><span lang=\"PT-BR\" style=\"font-size:10.5pt;font-family:\"Aptos\",sans-serif;border:none windowtext 1.0pt;padding:0cm\">S\u00e3o Miguel Paulista Fashion Week<\/span><\/strong><span lang=\"PT-BR\" style=\"font-size:10.5pt\"><o:p><\/o:p><\/span><\/p>\n<p style=\"margin:0cm;vertical-align:baseline;box-sizing: border-box;outline: 0px;text-size-adjust: 100%\">  <strong><span lang=\"PT-BR\" style=\"font-size:10.5pt;font-family:\"Aptos\",sans-serif;border:none windowtext 1.0pt;padding:0cm\">Quando:<\/span><\/strong><span lang=\"PT-BR\" style=\"font-size:10.5pt\">&nbsp;at\u00e9 8\/12\/, das 10h \u00e0s 20h<o:p><\/o:p><\/span><\/p>\n<p style=\"margin:0cm;vertical-align:baseline;box-sizing: border-box;outline: 0px;text-size-adjust: 100%\">  <strong><span lang=\"PT-BR\" style=\"font-size:10.5pt;font-family:\"Aptos\",sans-serif;border:none windowtext 1.0pt;padding:0cm\">Onde:<\/span><\/strong><span lang=\"PT-BR\" style=\"font-size:10.5pt\">&nbsp;Senac S\u00e3o Miguel Paulista (Av. Marechal Tito, 1500, S\u00e3o Miguel Paulista)<o:p><\/o:p><\/span><\/p>\n<p style=\"margin:0cm;vertical-align:baseline;box-sizing: border-box;outline: 0px;text-size-adjust: 100%\">  <strong><span lang=\"PT-BR\" style=\"font-size:10.5pt;font-family:\"Aptos\",sans-serif;border:none windowtext 1.0pt;padding:0cm\">Quanto:<\/span><\/strong><span lang=\"PT-BR\" style=\"font-size:10.5pt\">&nbsp;Gr\u00e1tis<o:p><\/o:p><\/span><\/p>\n<p style=\"margin:0cm;vertical-align:baseline\"><span lang=\"PT-BR\" style=\"font-size:10.5pt\"><o:p>&nbsp;<\/o:p><\/span><\/p>\n<p style=\"margin:0cm;vertical-align:baseline\"><span lang=\"PT-BR\" style=\"font-size:10.5pt\">Confira a mat\u00e9ria completa no site:  <a href=\"https:\/\/revistatextil.com.br\/senac-sao-miguel-paulista-promove-evento-sao-miguel-paulista-fashion-week-com-palestras-e-desfiles-de-estilistas-renomados\/\">  https:\/\/revistatextil.com.br\/senac-sao-miguel-paulista-promove-evento-sao-miguel-paulista-fashion-week-com-palestras-e-desfiles-de-estilistas-renomados\/<\/a><o:p><\/o:p><\/span><\/p>\n<p style=\"margin:0cm;vertical-align:baseline\"><span lang=\"PT-BR\" style=\"font-size:10.5pt\"><o:p>&nbsp;<\/o:p><\/span><\/p>\n<\/p><\/div>\n<\/p><\/div>\n<p><\/p>\n","protected":false},"excerpt":{"rendered":"<p>Mat\u00e9ria Tudo Sobre Inclus\u00e3o: Moda Plural em dez\/2023 na SMP Fashion Week Senac S\u00e3o Miguel Paulista promove evento S\u00e3o Miguel Paulista Fashion Week com palestras e desfiles de estilistas renomados Not\u00edcias,&nbsp;T\u00eaxtil,&nbsp;Moda &nbsp; Repercutir o empreendedorismo, diversidade e a pluralidade da moda em regi\u00f5es perif\u00e9ricas \u00e9 o objetivo do S\u00e3o Miguel Paulista Fashion Week, que acontece [&hellip;]<\/p>\n","protected":false},"author":1,"featured_media":190,"comment_status":"open","ping_status":"open","sticky":false,"template":"","format":"standard","meta":{"footnotes":""},"categories":[20],"tags":[],"class_list":["post-189","post","type-post","status-publish","format-standard","has-post-thumbnail","hentry","category-geral"],"rttpg_featured_image_url":{"full":["https:\/\/tudosobreinclusao.com\/eventos\/wp-content\/uploads\/2024\/03\/image001-3.png",285,160,false],"landscape":["https:\/\/tudosobreinclusao.com\/eventos\/wp-content\/uploads\/2024\/03\/image001-3.png",285,160,false],"portraits":["https:\/\/tudosobreinclusao.com\/eventos\/wp-content\/uploads\/2024\/03\/image001-3.png",285,160,false],"thumbnail":["https:\/\/tudosobreinclusao.com\/eventos\/wp-content\/uploads\/2024\/03\/image001-3-150x150.png",150,150,true],"medium":["https:\/\/tudosobreinclusao.com\/eventos\/wp-content\/uploads\/2024\/03\/image001-3.png",285,160,false],"large":["https:\/\/tudosobreinclusao.com\/eventos\/wp-content\/uploads\/2024\/03\/image001-3.png",285,160,false],"1536x1536":["https:\/\/tudosobreinclusao.com\/eventos\/wp-content\/uploads\/2024\/03\/image001-3.png",285,160,false],"2048x2048":["https:\/\/tudosobreinclusao.com\/eventos\/wp-content\/uploads\/2024\/03\/image001-3.png",285,160,false]},"rttpg_author":{"display_name":"Cristiane Mayworm","author_link":"https:\/\/tudosobreinclusao.com\/eventos\/author\/admin\/"},"rttpg_comment":0,"rttpg_category":"<a href=\"https:\/\/tudosobreinclusao.com\/eventos\/category\/geral\/\" rel=\"category tag\">Geral<\/a>","rttpg_excerpt":"Mat\u00e9ria Tudo Sobre Inclus\u00e3o: Moda Plural em dez\/2023 na SMP Fashion Week Senac S\u00e3o Miguel Paulista promove evento S\u00e3o Miguel Paulista Fashion Week com palestras e desfiles de estilistas renomados Not\u00edcias,&nbsp;T\u00eaxtil,&nbsp;Moda &nbsp; Repercutir o empreendedorismo, diversidade e a pluralidade da moda em regi\u00f5es perif\u00e9ricas \u00e9 o objetivo do S\u00e3o Miguel Paulista Fashion Week, que acontece&hellip;","_links":{"self":[{"href":"https:\/\/tudosobreinclusao.com\/eventos\/wp-json\/wp\/v2\/posts\/189","targetHints":{"allow":["GET"]}}],"collection":[{"href":"https:\/\/tudosobreinclusao.com\/eventos\/wp-json\/wp\/v2\/posts"}],"about":[{"href":"https:\/\/tudosobreinclusao.com\/eventos\/wp-json\/wp\/v2\/types\/post"}],"author":[{"embeddable":true,"href":"https:\/\/tudosobreinclusao.com\/eventos\/wp-json\/wp\/v2\/users\/1"}],"replies":[{"embeddable":true,"href":"https:\/\/tudosobreinclusao.com\/eventos\/wp-json\/wp\/v2\/comments?post=189"}],"version-history":[{"count":0,"href":"https:\/\/tudosobreinclusao.com\/eventos\/wp-json\/wp\/v2\/posts\/189\/revisions"}],"wp:featuredmedia":[{"embeddable":true,"href":"https:\/\/tudosobreinclusao.com\/eventos\/wp-json\/wp\/v2\/media\/190"}],"wp:attachment":[{"href":"https:\/\/tudosobreinclusao.com\/eventos\/wp-json\/wp\/v2\/media?parent=189"}],"wp:term":[{"taxonomy":"category","embeddable":true,"href":"https:\/\/tudosobreinclusao.com\/eventos\/wp-json\/wp\/v2\/categories?post=189"},{"taxonomy":"post_tag","embeddable":true,"href":"https:\/\/tudosobreinclusao.com\/eventos\/wp-json\/wp\/v2\/tags?post=189"}],"curies":[{"name":"wp","href":"https:\/\/api.w.org\/{rel}","templated":true}]}}