{"id":178,"date":"2024-03-07T22:12:27","date_gmt":"2024-03-08T01:12:27","guid":{"rendered":"https:\/\/tudosobreinclusao.com\/eventos\/?p=178"},"modified":"2024-03-07T22:13:40","modified_gmt":"2024-03-08T01:13:40","slug":"espaco-da-cidadania-apoia-congresso-de-raros","status":"publish","type":"post","link":"https:\/\/tudosobreinclusao.com\/eventos\/espaco-da-cidadania-apoia-congresso-de-raros\/","title":{"rendered":"Espa\u00e7o da Cidadania apoia Congresso de Raros"},"content":{"rendered":"<div>\n<div class=\"WordSection1\">\n<p class=\"MsoNormal\" style=\"mso-margin-top-alt:auto;mso-margin-bottom-alt:auto\"><b><span lang=\"PT-BR\" style=\"font-size:10.5pt;font-family:\"Arial\",sans-serif;color:black;text-transform:uppercase;mso-ligatures:none\">2\u00ba CONGRESSO DE DOEN\u00c7AS RARAS<o:p><\/o:p><\/span><\/b><\/p>\n<p class=\"MsoNormal\" style=\"mso-margin-top-alt:auto;mso-margin-bottom-alt:auto\"><b><span lang=\"PT-BR\" style=\"font-size:9.0pt;font-family:\"Arial\",sans-serif;color:black;mso-ligatures:none\">05-02-2024 &#8211; Fonte: Espa\u00e7o da Cidadania<o:p><\/o:p><\/span><\/b><\/p>\n<div align=\"center\">\n<table class=\"MsoNormalTable\" border=\"0\" cellspacing=\"0\" cellpadding=\"0\" width=\"180\" style=\"width:135.0pt;background:white\">\n<tbody>\n<tr>\n<td style=\"padding:.75pt .75pt .75pt .75pt\">\n<p class=\"MsoNormal\" align=\"center\" style=\"text-align:center\"><span style=\"font-size:12.0pt;font-family:\"Aptos\",sans-serif;color:black\"><\/span><span style=\"font-size:12.0pt;font-family:\"Aptos\",sans-serif;mso-ligatures:none\"><o:p><\/o:p><\/span><\/p>\n<\/td>\n<\/tr>\n<\/tbody>\n<\/table><\/div>\n<p class=\"MsoNormal\" style=\"text-align:justify\"><span lang=\"PT-BR\" style=\"font-size:12.0pt;color:#1D2228;mso-ligatures:none\">O 2\u00ba Congresso de Doen\u00e7as Raras &#8220;Alex Garcia&#8221; reunir\u00e1 profissionais de sa\u00fade, pesquisadores, pacientes raros e ultrarraros, bem como   representantes de organiza\u00e7\u00f5es governamentais e n\u00e3o governamentais. O evento acontecer\u00e1 de forma presencial e online, transmitido ao vivo pelo canal do Youtube do Di\u00e1rio PcD, no dia 29\/02\/24 das 10h30 \u00e0s 12h30 e das 14h \u00e0s 17horas.<\/span><span lang=\"PT-BR\" style=\"color:#1D2228;mso-ligatures:none\"><o:p><\/o:p><\/span><\/p>\n<p class=\"MsoNormal\" style=\"text-align:justify\"><span lang=\"PT-BR\" style=\"color:#1D2228;mso-ligatures:none\">Ele ser\u00e1 realizado no Audit\u00f3rio do Sindicato dos Metal\u00fargicos de Osasco e Regi\u00e3o\/ Espa\u00e7o da Cidadania &#8211; localizado na Rua Erasmo Braga, 307, 3\u00ba Andar   &#8211; Pres. Altino, Osasco &#8211; SP e tamb\u00e9m dispon\u00edvel ao vivo pelo youtube. O p\u00fablico-alvo abrange profissionais de sa\u00fade especializados em doen\u00e7as raras, pesquisadores, pacientes raros e suas fam\u00edlias, representantes de organiza\u00e7\u00f5es governamentais e n\u00e3o governamentais,   al\u00e9m do p\u00fablico em geral, cuidadores, profissionais da educa\u00e7\u00e3o, direito, psicologia, empreendedorismo e estudantes.<o:p><\/o:p><\/span><\/p>\n<p class=\"MsoNormal\" style=\"text-align:justify\"><span lang=\"PT-BR\" style=\"color:#1D2228;mso-ligatures:none\"><o:p>&nbsp;<\/o:p><\/span><\/p>\n<p class=\"MsoNormal\" style=\"text-align:justify\"><span lang=\"PT-BR\" style=\"font-size:12.0pt;color:#1D2228;mso-ligatures:none\">Produ\u00e7\u00e3o e realiza\u00e7\u00e3o:&nbsp;<b>Tudo Sobre Inclus\u00e3o Consultoria PcD<\/b><\/span><span lang=\"PT-BR\" style=\"color:#1D2228;mso-ligatures:none\"><o:p><\/o:p><\/span><\/p>\n<p class=\"MsoNormal\" style=\"text-align:justify\"><span lang=\"PT-BR\" style=\"font-size:12.0pt;color:#1D2228;mso-ligatures:none\"><o:p>&nbsp;<\/o:p><\/span><\/p>\n<p class=\"MsoNormal\" style=\"text-align:justify\"><span lang=\"PT-BR\" style=\"font-size:12.0pt;color:#1D2228;mso-ligatures:none\">Apoio: Di\u00e1rio PcD &#8211; Informa\u00e7\u00f5es e not\u00edcias, Sindicato dos Metal\u00fargicos de Osasco e Regi\u00e3o, Espa\u00e7o da Cidadania e v\u00e1rios parceiros.<\/span><span lang=\"PT-BR\" style=\"color:#1D2228;mso-ligatures:none\"><o:p><\/o:p><\/span><\/p>\n<p class=\"MsoNormal\"><span lang=\"PT-BR\">Fonte: <a href=\"http:\/\/ecidadania.org.br\/?pg=noticias&amp;id=529\">  http:\/\/ecidadania.org.br\/?pg=noticias&amp;id=529<\/a><o:p><\/o:p><\/span><\/p>\n<p class=\"MsoNormal\"><span lang=\"PT-BR\"><o:p>&nbsp;<\/o:p><\/span><\/p>\n<\/p><\/div>\n<\/p><\/div>\n<p><\/p>\n","protected":false},"excerpt":{"rendered":"<p>2\u00ba CONGRESSO DE DOEN\u00c7AS RARAS 05-02-2024 &#8211; Fonte: Espa\u00e7o da Cidadania O 2\u00ba Congresso de Doen\u00e7as Raras &#8220;Alex Garcia&#8221; reunir\u00e1 profissionais de sa\u00fade, pesquisadores, pacientes raros e ultrarraros, bem como representantes de organiza\u00e7\u00f5es governamentais e n\u00e3o governamentais. O evento acontecer\u00e1 de forma presencial e online, transmitido ao vivo pelo canal do Youtube do Di\u00e1rio PcD, [&hellip;]<\/p>\n","protected":false},"author":1,"featured_media":179,"comment_status":"open","ping_status":"open","sticky":false,"template":"","format":"standard","meta":{"footnotes":""},"categories":[20],"tags":[],"class_list":["post-178","post","type-post","status-publish","format-standard","has-post-thumbnail","hentry","category-geral"],"rttpg_featured_image_url":{"full":["https:\/\/tudosobreinclusao.com\/eventos\/wp-content\/uploads\/2024\/03\/image001-1.jpg",158,160,false],"landscape":["https:\/\/tudosobreinclusao.com\/eventos\/wp-content\/uploads\/2024\/03\/image001-1.jpg",158,160,false],"portraits":["https:\/\/tudosobreinclusao.com\/eventos\/wp-content\/uploads\/2024\/03\/image001-1.jpg",158,160,false],"thumbnail":["https:\/\/tudosobreinclusao.com\/eventos\/wp-content\/uploads\/2024\/03\/image001-1-150x150.jpg",150,150,true],"medium":["https:\/\/tudosobreinclusao.com\/eventos\/wp-content\/uploads\/2024\/03\/image001-1.jpg",158,160,false],"large":["https:\/\/tudosobreinclusao.com\/eventos\/wp-content\/uploads\/2024\/03\/image001-1.jpg",158,160,false],"1536x1536":["https:\/\/tudosobreinclusao.com\/eventos\/wp-content\/uploads\/2024\/03\/image001-1.jpg",158,160,false],"2048x2048":["https:\/\/tudosobreinclusao.com\/eventos\/wp-content\/uploads\/2024\/03\/image001-1.jpg",158,160,false]},"rttpg_author":{"display_name":"Cristiane Mayworm","author_link":"https:\/\/tudosobreinclusao.com\/eventos\/author\/admin\/"},"rttpg_comment":0,"rttpg_category":"<a href=\"https:\/\/tudosobreinclusao.com\/eventos\/category\/geral\/\" rel=\"category tag\">Geral<\/a>","rttpg_excerpt":"2\u00ba CONGRESSO DE DOEN\u00c7AS RARAS 05-02-2024 &#8211; Fonte: Espa\u00e7o da Cidadania O 2\u00ba Congresso de Doen\u00e7as Raras &#8220;Alex Garcia&#8221; reunir\u00e1 profissionais de sa\u00fade, pesquisadores, pacientes raros e ultrarraros, bem como representantes de organiza\u00e7\u00f5es governamentais e n\u00e3o governamentais. O evento acontecer\u00e1 de forma presencial e online, transmitido ao vivo pelo canal do Youtube do Di\u00e1rio PcD,&hellip;","_links":{"self":[{"href":"https:\/\/tudosobreinclusao.com\/eventos\/wp-json\/wp\/v2\/posts\/178","targetHints":{"allow":["GET"]}}],"collection":[{"href":"https:\/\/tudosobreinclusao.com\/eventos\/wp-json\/wp\/v2\/posts"}],"about":[{"href":"https:\/\/tudosobreinclusao.com\/eventos\/wp-json\/wp\/v2\/types\/post"}],"author":[{"embeddable":true,"href":"https:\/\/tudosobreinclusao.com\/eventos\/wp-json\/wp\/v2\/users\/1"}],"replies":[{"embeddable":true,"href":"https:\/\/tudosobreinclusao.com\/eventos\/wp-json\/wp\/v2\/comments?post=178"}],"version-history":[{"count":0,"href":"https:\/\/tudosobreinclusao.com\/eventos\/wp-json\/wp\/v2\/posts\/178\/revisions"}],"wp:featuredmedia":[{"embeddable":true,"href":"https:\/\/tudosobreinclusao.com\/eventos\/wp-json\/wp\/v2\/media\/179"}],"wp:attachment":[{"href":"https:\/\/tudosobreinclusao.com\/eventos\/wp-json\/wp\/v2\/media?parent=178"}],"wp:term":[{"taxonomy":"category","embeddable":true,"href":"https:\/\/tudosobreinclusao.com\/eventos\/wp-json\/wp\/v2\/categories?post=178"},{"taxonomy":"post_tag","embeddable":true,"href":"https:\/\/tudosobreinclusao.com\/eventos\/wp-json\/wp\/v2\/tags?post=178"}],"curies":[{"name":"wp","href":"https:\/\/api.w.org\/{rel}","templated":true}]}}