{"id":160,"date":"2024-03-07T21:36:38","date_gmt":"2024-03-08T00:36:38","guid":{"rendered":"https:\/\/tudosobreinclusao.com\/eventos\/?p=160"},"modified":"2024-03-07T21:39:50","modified_gmt":"2024-03-08T00:39:50","slug":"hora-da-boia-entrevista-alex-garcia","status":"publish","type":"post","link":"https:\/\/tudosobreinclusao.com\/eventos\/hora-da-boia-entrevista-alex-garcia\/","title":{"rendered":"Hora da Boia Entrevista Alex Garcia"},"content":{"rendered":"<div>\n<div class=\"WordSection1\">\n<p class=\"MsoNormal\"><span lang=\"PT-BR\">Hora da Boia Entrevista <\/span>\ud83d\udcf2<\/p>\n<p class=\"MsoNormal\"><span lang=\"PT-BR\">\u00a0<\/span><\/p>\n<p class=\"MsoNormal\"><span lang=\"PT-BR\">Nesta edi\u00e7\u00e3o do Hora da Boia Entrevista, o ativista Alex Garcia (Alex Surdocego) fala um pouco sobre a doen\u00e7a \u201cossos de vidro\u201d, destaca o diagn\u00f3stico tardio como os principais desafios das pessoas que t\u00eam doen\u00e7a rara. E defende a informa\u00e7\u00e3o como principal ferramenta para acabar com o preconceito no mercado de trabalho.<\/span><\/p>\n<\/div>\n<\/div>\n\n\n<figure class=\"wp-block-embed is-type-video is-provider-youtube wp-block-embed-youtube wp-embed-aspect-16-9 wp-has-aspect-ratio\"><div class=\"wp-block-embed__wrapper\">\n<iframe loading=\"lazy\" title=\"Hora da Boia Entrevista com Alex Garcia (Alex Surdocego)\" width=\"500\" height=\"281\" src=\"https:\/\/www.youtube.com\/embed\/YXghYPsH3dQ?feature=oembed\" frameborder=\"0\" allow=\"accelerometer; autoplay; clipboard-write; encrypted-media; gyroscope; picture-in-picture; web-share\" referrerpolicy=\"strict-origin-when-cross-origin\" allowfullscreen><\/iframe>\n<\/div><\/figure>\n\n\n\n<p>Fonte: Sindicato dos Metal\u00fargicos de Osasco e Regi\u00e3o<\/p>\n","protected":false},"excerpt":{"rendered":"<p>Hora da Boia Entrevista \ud83d\udcf2 \u00a0 Nesta edi\u00e7\u00e3o do Hora da Boia Entrevista, o ativista Alex Garcia (Alex Surdocego) fala um pouco sobre a doen\u00e7a \u201cossos de vidro\u201d, destaca o diagn\u00f3stico tardio como os principais desafios das pessoas que t\u00eam doen\u00e7a rara. E defende a informa\u00e7\u00e3o como principal ferramenta para acabar com o preconceito no [&hellip;]<\/p>\n","protected":false},"author":1,"featured_media":163,"comment_status":"open","ping_status":"open","sticky":false,"template":"","format":"standard","meta":{"footnotes":""},"categories":[20],"tags":[],"class_list":["post-160","post","type-post","status-publish","format-standard","has-post-thumbnail","hentry","category-geral"],"rttpg_featured_image_url":{"full":["https:\/\/tudosobreinclusao.com\/eventos\/wp-content\/uploads\/2024\/03\/image-9.png",1048,589,false],"landscape":["https:\/\/tudosobreinclusao.com\/eventos\/wp-content\/uploads\/2024\/03\/image-9.png",1048,589,false],"portraits":["https:\/\/tudosobreinclusao.com\/eventos\/wp-content\/uploads\/2024\/03\/image-9.png",1048,589,false],"thumbnail":["https:\/\/tudosobreinclusao.com\/eventos\/wp-content\/uploads\/2024\/03\/image-9-150x150.png",150,150,true],"medium":["https:\/\/tudosobreinclusao.com\/eventos\/wp-content\/uploads\/2024\/03\/image-9-300x169.png",300,169,true],"large":["https:\/\/tudosobreinclusao.com\/eventos\/wp-content\/uploads\/2024\/03\/image-9-1024x576.png",1024,576,true],"1536x1536":["https:\/\/tudosobreinclusao.com\/eventos\/wp-content\/uploads\/2024\/03\/image-9.png",1048,589,false],"2048x2048":["https:\/\/tudosobreinclusao.com\/eventos\/wp-content\/uploads\/2024\/03\/image-9.png",1048,589,false]},"rttpg_author":{"display_name":"Cristiane Mayworm","author_link":"https:\/\/tudosobreinclusao.com\/eventos\/author\/admin\/"},"rttpg_comment":0,"rttpg_category":"<a href=\"https:\/\/tudosobreinclusao.com\/eventos\/category\/geral\/\" rel=\"category tag\">Geral<\/a>","rttpg_excerpt":"Hora da Boia Entrevista \ud83d\udcf2 \u00a0 Nesta edi\u00e7\u00e3o do Hora da Boia Entrevista, o ativista Alex Garcia (Alex Surdocego) fala um pouco sobre a doen\u00e7a \u201cossos de vidro\u201d, destaca o diagn\u00f3stico tardio como os principais desafios das pessoas que t\u00eam doen\u00e7a rara. E defende a informa\u00e7\u00e3o como principal ferramenta para acabar com o preconceito no&hellip;","_links":{"self":[{"href":"https:\/\/tudosobreinclusao.com\/eventos\/wp-json\/wp\/v2\/posts\/160","targetHints":{"allow":["GET"]}}],"collection":[{"href":"https:\/\/tudosobreinclusao.com\/eventos\/wp-json\/wp\/v2\/posts"}],"about":[{"href":"https:\/\/tudosobreinclusao.com\/eventos\/wp-json\/wp\/v2\/types\/post"}],"author":[{"embeddable":true,"href":"https:\/\/tudosobreinclusao.com\/eventos\/wp-json\/wp\/v2\/users\/1"}],"replies":[{"embeddable":true,"href":"https:\/\/tudosobreinclusao.com\/eventos\/wp-json\/wp\/v2\/comments?post=160"}],"version-history":[{"count":1,"href":"https:\/\/tudosobreinclusao.com\/eventos\/wp-json\/wp\/v2\/posts\/160\/revisions"}],"predecessor-version":[{"id":162,"href":"https:\/\/tudosobreinclusao.com\/eventos\/wp-json\/wp\/v2\/posts\/160\/revisions\/162"}],"wp:featuredmedia":[{"embeddable":true,"href":"https:\/\/tudosobreinclusao.com\/eventos\/wp-json\/wp\/v2\/media\/163"}],"wp:attachment":[{"href":"https:\/\/tudosobreinclusao.com\/eventos\/wp-json\/wp\/v2\/media?parent=160"}],"wp:term":[{"taxonomy":"category","embeddable":true,"href":"https:\/\/tudosobreinclusao.com\/eventos\/wp-json\/wp\/v2\/categories?post=160"},{"taxonomy":"post_tag","embeddable":true,"href":"https:\/\/tudosobreinclusao.com\/eventos\/wp-json\/wp\/v2\/tags?post=160"}],"curies":[{"name":"wp","href":"https:\/\/api.w.org\/{rel}","templated":true}]}}