{"id":158,"date":"2024-03-07T21:29:29","date_gmt":"2024-03-08T00:29:29","guid":{"rendered":"https:\/\/tudosobreinclusao.com\/eventos\/?p=158"},"modified":"2024-03-07T21:29:51","modified_gmt":"2024-03-08T00:29:51","slug":"jornal-folk-destaca-congresso-em-osasco","status":"publish","type":"post","link":"https:\/\/tudosobreinclusao.com\/eventos\/jornal-folk-destaca-congresso-em-osasco\/","title":{"rendered":"Jornal Folk destaca Congresso em Osasco"},"content":{"rendered":"<div>\n<div class=\"WordSection1\">\n<div style=\"mso-element:para-border-div;border:solid #EFEFEF 1.0pt;padding:0cm 0cm 0cm 0cm;background:white\">\n<h1 style=\"mso-margin-top-alt:7.5pt;margin-right:0cm;margin-bottom:22.5pt;margin-left:0cm;background:white;border:none;padding:0cm\">  <span lang=\"PT-BR\" style=\"font-size:37.5pt;font-family:\"Jost\",serif;color:#373737;letter-spacing:-.3pt\">Congresso discute sobre doen\u00e7as raras em Osasco<o:p><\/o:p><\/span><\/h1>\n<\/p><\/div>\n<p style=\"mso-margin-top-alt:0cm;margin-right:0cm;margin-bottom:30.0pt;margin-left:0cm;background:white;box-sizing: border-box;max-width:100%\">  <span lang=\"PT-BR\" style=\"font-size:13.5pt;font-family:\"Inter\",serif;color:#373737\">2\u00ba Congresso de Doen\u00e7as Raras Alex Garcia reunir\u00e1 principais nomes de todo o Brasil, entre eles o professor Alex Garcia, fundador-presidente da AGAPASM.  <\/span><span style=\"font-size:11.5pt;font-family:\"Inter\",serif;color:#373737\"><\/span><span lang=\"PT-BR\" style=\"font-size:13.5pt;font-family:\"Inter\",serif;color:#373737\"><o:p><\/o:p><\/span><\/p>\n<p style=\"mso-margin-top-alt:0cm;margin-right:0cm;margin-bottom:30.0pt;margin-left:0cm;background:white\">  <span lang=\"PT-BR\" style=\"font-size:11.5pt;font-family:\"Inter\",serif;color:#373737\">29 de fevereiro \u00e9 uma data rara no calend\u00e1rio, por isso nessa data comemora-se o&nbsp;<strong><span style=\"font-family:\"Inter\",serif;border:none windowtext 1.0pt;padding:0cm\">Dia   Mundial das Doen\u00e7as Raras<\/span><\/strong>.<o:p><\/o:p><\/span><\/p>\n<p style=\"margin:0cm;background:white;box-sizing: border-box\"><span lang=\"PT-BR\" style=\"font-size:11.5pt;font-family:\"Inter\",serif;color:#373737\">E neste ano, a data marca a realiza\u00e7\u00e3o do&nbsp;<\/span><strong><span style=\"font-size:11.5pt;font-family:\"Inter\",serif;color:#373737;border:none windowtext 1.0pt;padding:0cm\"><a href=\"https:\/\/diariopcd.com.br\/2024\/02\/11\/2o-congresso-de-doencas-raras-alex-garcia-reunira-principais-nomes-de-todo-o-brasil\/\" target=\"_blank\" rel=\"noopener\"><span lang=\"PT-BR\" style=\"color:#1E73BE;border:solid #1E73BE 1.0pt;padding:0cm\">2\u00ba   Congresso de Doen\u00e7as Raras Alex Garcia<\/span><\/a><\/span><\/strong><span lang=\"PT-BR\" style=\"font-size:11.5pt;font-family:\"Inter\",serif;color:#373737\">, que reunir\u00e1 profissionais de sa\u00fade, pesquisadores, pacientes raros e ultrarraros, bem como representantes   de organiza\u00e7\u00f5es governamentais e n\u00e3o governamentais.<o:p><\/o:p><\/span><\/p>\n<p style=\"mso-margin-top-alt:22.5pt;margin-right:0cm;margin-bottom:22.5pt;margin-left:0cm;background:white;box-sizing: border-box\">  <span lang=\"PT-BR\" style=\"font-size:11.5pt;font-family:\"Inter\",serif;color:#373737\">O p\u00fablico-alvo abrange profissionais de sa\u00fade especializados em doen\u00e7as raras, pesquisadores, pacientes raros e suas fam\u00edlias, representantes de organiza\u00e7\u00f5es governamentais   e n\u00e3o governamentais, al\u00e9m do p\u00fablico, cuidadores, profissionais da educa\u00e7\u00e3o, direito, psicologia, empreendedorismo e estudantes.<o:p><\/o:p><\/span><\/p>\n<p style=\"margin:0cm;background:white;box-sizing: border-box\"><span lang=\"PT-BR\" style=\"font-size:11.5pt;font-family:\"Inter\",serif;color:#373737\">O congresso presencial ser\u00e1 realizado no audit\u00f3rio do&nbsp;<strong><span style=\"font-family:\"Inter\",serif;border:none windowtext 1.0pt;padding:0cm\">Sindicato   dos Metal\u00fargicos de Osasco<\/span><\/strong>&nbsp;<strong><span style=\"font-family:\"Inter\",serif;border:none windowtext 1.0pt;padding:0cm\">e Regi\u00e3o\/Espa\u00e7o da Cidadania<\/span><\/strong>, localizado na Rua Erasmo Braga, 307, 3\u00ba Andar, Pres. Altino, Osasco&#8211;SP.<o:p><\/o:p><\/span><\/p>\n<p style=\"margin:0cm;background:white;box-sizing: border-box\"><span lang=\"PT-BR\" style=\"font-size:11.5pt;font-family:\"Inter\",serif;color:#373737\">Al\u00e9m disso, o evento tamb\u00e9m acontecer\u00e1 de forma online, o qual ser\u00e1 transmitido ao vivo pelo canal do&nbsp;<strong><span style=\"font-family:\"Inter\",serif;border:none windowtext 1.0pt;padding:0cm\">YouTube<\/span><\/strong>&nbsp;do&nbsp;<strong><span style=\"font-family:\"Inter\",serif;border:none windowtext 1.0pt;padding:0cm\">Di\u00e1rio   PcD<\/span><\/strong>, das 10h30 \u00e0s 12h30 e das 14h \u00e0s 17&nbsp;h.<o:p><\/o:p><\/span><\/p>\n<p style=\"margin:0cm;background:white;box-sizing: border-box\"><span lang=\"PT-BR\" style=\"font-size:11.5pt;font-family:\"Inter\",serif;color:#373737\">Para participar do evento sem fins lucrativos, basta doar 1kg de alimento que ser\u00e1 revertido \u00e0 institui\u00e7\u00e3o&nbsp;<strong><span style=\"font-family:\"Inter\",serif;border:none windowtext 1.0pt;padding:0cm\">AMAMOS<\/span><\/strong>,   um servi\u00e7o de acolhimento institucional para crian\u00e7as e adolescentes no munic\u00edpio de Osasco&#8211;SP.<o:p><\/o:p><\/span><\/p>\n<p style=\"margin:0cm;background:white\"><span lang=\"PT-BR\" style=\"font-size:11.5pt;font-family:\"Inter\",serif;color:#373737\"><o:p>&nbsp;<\/o:p><\/span><\/p>\n<h2 style=\"margin:0cm;background:white;box-sizing: border-box\"><strong><span lang=\"PT-BR\" style=\"font-size:25.5pt;font-family:\"Jost\",serif;color:#373737;letter-spacing:-.3pt;border:none windowtext 1.0pt;padding:0cm\">Mais do evento<\/span><\/strong><span lang=\"PT-BR\" style=\"font-size:25.5pt;font-family:\"Jost\",serif;color:#373737;letter-spacing:-.3pt\"><o:p><\/o:p><\/span><\/h2>\n<p style=\"margin:0cm;background:white;box-sizing: border-box\"><span lang=\"PT-BR\" style=\"font-size:11.5pt;font-family:\"Inter\",serif;color:#373737\">O congresso contar\u00e1 com a presen\u00e7a de renomados palestrantes raros, tais como o professor&nbsp;<strong><span style=\"font-family:\"Inter\",serif;border:none windowtext 1.0pt;padding:0cm\">Alex   Garcia<\/span><\/strong>, uma das pessoas surdocegas mais conhecidas no mundo e fundador-presidente da&nbsp;<strong><span style=\"font-family:\"Inter\",serif;border:none windowtext 1.0pt;padding:0cm\">Associa\u00e7\u00e3o Ga\u00facha de Pais e Amigos dos Surdocegos e Multideficientes<\/span><\/strong>&nbsp;(<strong><span style=\"font-family:\"Inter\",serif;border:none windowtext 1.0pt;padding:0cm\">AGAPASM<\/span><\/strong>).<o:p><\/o:p><\/span><\/p>\n<p style=\"margin:0cm;background:white;box-sizing: border-box\"><span lang=\"PT-BR\" style=\"font-size:11.5pt;font-family:\"Inter\",serif;color:#373737\">Al\u00e9m dele, de forma presencial, o evento contar\u00e1 com palestras do Dr.&nbsp;<strong><span style=\"font-family:\"Inter\",serif;border:none windowtext 1.0pt;padding:0cm\">Pedro   Mendes Ferreira Neto<\/span><\/strong>, do advogado e representante de grupos de pacientes com patologias oculares raras; do palestrante&nbsp;<strong><span style=\"font-family:\"Inter\",serif;border:none windowtext 1.0pt;padding:0cm\">Carlos Apar\u00edcio Clemente<\/span><\/strong>;   de&nbsp;<strong><span style=\"font-family:\"Inter\",serif;border:none windowtext 1.0pt;padding:0cm\">Ana Luh Garritano<\/span><\/strong>, especialista em moda inclusiva e da empreendedora social&nbsp;<strong><span style=\"font-family:\"Inter\",serif;border:none windowtext 1.0pt;padding:0cm\">Grace   Santos<\/span><\/strong>.<o:p><\/o:p><\/span><\/p>\n<p style=\"margin:0cm;background:white;box-sizing: border-box\"><span lang=\"PT-BR\" style=\"font-size:11.5pt;font-family:\"Inter\",serif;color:#373737\">J\u00e1 as palestras online contam com a Dra.&nbsp;<strong><span style=\"font-family:\"Inter\",serif;border:none windowtext 1.0pt;padding:0cm\">T\u00eamis   Maria F\u00e9lix<\/span><\/strong>, m\u00e9dica no&nbsp;<strong><span style=\"font-family:\"Inter\",serif;border:none windowtext 1.0pt;padding:0cm\">Hospital de Cl\u00ednicas de Porto Alegre (HCPA)<\/span><\/strong>&nbsp;e geneticista com atendimento a pacientes com doen\u00e7as raras h\u00e1 mais   de 30 anos; Dr.&nbsp;<strong><span style=\"font-family:\"Inter\",serif;border:none windowtext 1.0pt;padding:0cm\">Andr\u00e9 Naves<\/span><\/strong>, advogado especialista em Inclus\u00e3o Social pela&nbsp;<strong><span style=\"font-family:\"Inter\",serif;border:none windowtext 1.0pt;padding:0cm\">Escola   Paulista de Direito Social<\/span><\/strong>, palestrante e professor; a palestrante&nbsp;<strong><span style=\"font-family:\"Inter\",serif;border:none windowtext 1.0pt;padding:0cm\">Pamela Pimentel<\/span><\/strong>, formada em servi\u00e7o social pela&nbsp;<strong><span style=\"font-family:\"Inter\",serif;border:none windowtext 1.0pt;padding:0cm\">Universidade   Federal do Par\u00e1<\/span><\/strong>, ativista e atuante em movimentos sociais e a biom\u00e9dica&nbsp;<strong><span style=\"font-family:\"Inter\",serif;border:none windowtext 1.0pt;padding:0cm\">Cristina Cagliari<\/span><\/strong>.<o:p><\/o:p><\/span><\/p>\n<p style=\"margin:0cm;background:white;box-sizing: border-box\"><span lang=\"PT-BR\" style=\"font-size:11.5pt;font-family:\"Inter\",serif;color:#373737\">Al\u00e9m disso, o evento conta com o lan\u00e7amento da&nbsp;<strong><span style=\"font-family:\"Inter\",serif;border:none windowtext 1.0pt;padding:0cm\">MITOCON   Brasil<\/span><\/strong>, membro do&nbsp;<strong><span style=\"font-family:\"Inter\",serif;border:none windowtext 1.0pt;padding:0cm\">IMP&nbsp;<\/span><\/strong>&#8211;&nbsp;<strong><span style=\"font-family:\"Inter\",serif;border:none windowtext 1.0pt;padding:0cm\">International Mito Patients<\/span><\/strong>.<o:p><\/o:p><\/span><\/p>\n<p style=\"margin:0cm;background:white;box-sizing: border-box\"><span lang=\"PT-BR\" style=\"font-size:11.5pt;font-family:\"Inter\",serif;color:#373737\">A&nbsp;<strong><span style=\"font-family:\"Inter\",serif;border:none windowtext 1.0pt;padding:0cm\">Mitocon Brasil &#8211; Associa\u00e7\u00e3o   Brasileira de Gen\u00e9tica Mitocondrial e Doen\u00e7as Mitocondriais<\/span><\/strong>&nbsp;\u00e9 um novo projeto e uma nova frente de trabalho, focada em fomentar o estudo, a pesquisa, a busca por Pol\u00edticas P\u00fablicas e o acolhimento para pessoas com doen\u00e7as mitocondriais.<o:p><\/o:p><\/span><\/p>\n<p style=\"margin:0cm;background:white;box-sizing: border-box\"><span lang=\"PT-BR\" style=\"font-size:11.5pt;font-family:\"Inter\",serif;color:#373737\">Essa associa\u00e7\u00e3o j\u00e1 nasce com um forte apoio internacional, sendo membro do&nbsp;<strong><span style=\"font-family:\"Inter\",serif;border:none windowtext 1.0pt;padding:0cm\">IMP   &#8211; International Mito Patients<\/span><\/strong>&nbsp;(Federa\u00e7\u00e3o Internacional que re\u00fane associa\u00e7\u00f5es de doen\u00e7as mitocondriais) e ser\u00e1 a primeira vez que um pa\u00eds da Am\u00e9rica Latina passar\u00e1 a ser integrante do&nbsp;<strong><span style=\"font-family:\"Inter\",serif;border:none windowtext 1.0pt;padding:0cm\">IMP<\/span><\/strong>,   o que coloca o Brasil e a Am\u00e9rica Latina na rota dos estudos, tratamentos experimentais e coopera\u00e7\u00e3o com a comunidade global.<o:p><\/o:p><\/span><\/p>\n<p style=\"margin:0cm;background:white;box-sizing: border-box;overflow:hidden\"><span lang=\"PT-BR\" style=\"font-size:11.5pt;font-family:\"Inter\",serif;color:#373737\">O evento conta com patroc\u00ednio da&nbsp;<strong><span style=\"font-family:\"Inter\",serif;border:none windowtext 1.0pt;padding:0cm\">Zome   Holding<\/span><\/strong>&nbsp;e apoio institucional da&nbsp;<strong><span style=\"font-family:\"Inter\",serif;border:none windowtext 1.0pt;padding:0cm\">AGAPASM<\/span><\/strong>,&nbsp;<strong><span style=\"font-family:\"Inter\",serif;border:none windowtext 1.0pt;padding:0cm\">Sindicato   dos Metal\u00fargicos de Osasco e Regi\u00e3o\/Espa\u00e7o da Cidadania<\/span><\/strong>,&nbsp;<strong><span style=\"font-family:\"Inter\",serif;border:none windowtext 1.0pt;padding:0cm\">Di\u00e1rio PcD<\/span><\/strong>,&nbsp;<strong><span style=\"font-family:\"Inter\",serif;border:none windowtext 1.0pt;padding:0cm\">AnaPcD   &#8211; Associa\u00e7\u00e3o Nacional de Apoio \u00e0s Pessoas com Defici\u00eancia<\/span><\/strong>,&nbsp;<strong><span style=\"font-family:\"Inter\",serif;border:none windowtext 1.0pt;padding:0cm\">Mitocon Brasil<\/span><\/strong>&nbsp;e&nbsp;<strong><span style=\"font-family:\"Inter\",serif;border:none windowtext 1.0pt;padding:0cm\">Ativismo   PcD Osasco<\/span><\/strong>.<o:p><\/o:p><\/span><\/p>\n<p class=\"MsoNormal\"><span lang=\"PT-BR\"><o:p>&nbsp;<\/o:p><\/span><\/p>\n<p class=\"MsoNormal\"><span lang=\"PT-BR\">Fonte: <a href=\"https:\/\/jornalfolk.com\/congresso-discute-sobre-doencas-raras-em-osasco\/\">  https:\/\/jornalfolk.com\/congresso-discute-sobre-doencas-raras-em-osasco\/<\/a><o:p><\/o:p><\/span><\/p>\n<p class=\"MsoNormal\"><span lang=\"PT-BR\"><o:p>&nbsp;<\/o:p><\/span><\/p>\n<\/p><\/div>\n<\/p><\/div>\n<p><\/p>\n","protected":false},"excerpt":{"rendered":"<p>Congresso discute sobre doen\u00e7as raras em Osasco 2\u00ba Congresso de Doen\u00e7as Raras Alex Garcia reunir\u00e1 principais nomes de todo o Brasil, entre eles o professor Alex Garcia, fundador-presidente da AGAPASM. 29 de fevereiro \u00e9 uma data rara no calend\u00e1rio, por isso nessa data comemora-se o&nbsp;Dia Mundial das Doen\u00e7as Raras. E neste ano, a data marca [&hellip;]<\/p>\n","protected":false},"author":1,"featured_media":159,"comment_status":"open","ping_status":"open","sticky":false,"template":"","format":"standard","meta":{"footnotes":""},"categories":[20],"tags":[],"class_list":["post-158","post","type-post","status-publish","format-standard","has-post-thumbnail","hentry","category-geral"],"rttpg_featured_image_url":{"full":["https:\/\/tudosobreinclusao.com\/eventos\/wp-content\/uploads\/2024\/03\/image001-1.png",1089,730,false],"landscape":["https:\/\/tudosobreinclusao.com\/eventos\/wp-content\/uploads\/2024\/03\/image001-1.png",1089,730,false],"portraits":["https:\/\/tudosobreinclusao.com\/eventos\/wp-content\/uploads\/2024\/03\/image001-1.png",1089,730,false],"thumbnail":["https:\/\/tudosobreinclusao.com\/eventos\/wp-content\/uploads\/2024\/03\/image001-1-150x150.png",150,150,true],"medium":["https:\/\/tudosobreinclusao.com\/eventos\/wp-content\/uploads\/2024\/03\/image001-1-300x201.png",300,201,true],"large":["https:\/\/tudosobreinclusao.com\/eventos\/wp-content\/uploads\/2024\/03\/image001-1-1024x686.png",1024,686,true],"1536x1536":["https:\/\/tudosobreinclusao.com\/eventos\/wp-content\/uploads\/2024\/03\/image001-1.png",1089,730,false],"2048x2048":["https:\/\/tudosobreinclusao.com\/eventos\/wp-content\/uploads\/2024\/03\/image001-1.png",1089,730,false]},"rttpg_author":{"display_name":"Cristiane Mayworm","author_link":"https:\/\/tudosobreinclusao.com\/eventos\/author\/admin\/"},"rttpg_comment":1,"rttpg_category":"<a href=\"https:\/\/tudosobreinclusao.com\/eventos\/category\/geral\/\" rel=\"category tag\">Geral<\/a>","rttpg_excerpt":"Congresso discute sobre doen\u00e7as raras em Osasco 2\u00ba Congresso de Doen\u00e7as Raras Alex Garcia reunir\u00e1 principais nomes de todo o Brasil, entre eles o professor Alex Garcia, fundador-presidente da AGAPASM. 29 de fevereiro \u00e9 uma data rara no calend\u00e1rio, por isso nessa data comemora-se o&nbsp;Dia Mundial das Doen\u00e7as Raras. E neste ano, a data marca&hellip;","_links":{"self":[{"href":"https:\/\/tudosobreinclusao.com\/eventos\/wp-json\/wp\/v2\/posts\/158","targetHints":{"allow":["GET"]}}],"collection":[{"href":"https:\/\/tudosobreinclusao.com\/eventos\/wp-json\/wp\/v2\/posts"}],"about":[{"href":"https:\/\/tudosobreinclusao.com\/eventos\/wp-json\/wp\/v2\/types\/post"}],"author":[{"embeddable":true,"href":"https:\/\/tudosobreinclusao.com\/eventos\/wp-json\/wp\/v2\/users\/1"}],"replies":[{"embeddable":true,"href":"https:\/\/tudosobreinclusao.com\/eventos\/wp-json\/wp\/v2\/comments?post=158"}],"version-history":[{"count":0,"href":"https:\/\/tudosobreinclusao.com\/eventos\/wp-json\/wp\/v2\/posts\/158\/revisions"}],"wp:featuredmedia":[{"embeddable":true,"href":"https:\/\/tudosobreinclusao.com\/eventos\/wp-json\/wp\/v2\/media\/159"}],"wp:attachment":[{"href":"https:\/\/tudosobreinclusao.com\/eventos\/wp-json\/wp\/v2\/media?parent=158"}],"wp:term":[{"taxonomy":"category","embeddable":true,"href":"https:\/\/tudosobreinclusao.com\/eventos\/wp-json\/wp\/v2\/categories?post=158"},{"taxonomy":"post_tag","embeddable":true,"href":"https:\/\/tudosobreinclusao.com\/eventos\/wp-json\/wp\/v2\/tags?post=158"}],"curies":[{"name":"wp","href":"https:\/\/api.w.org\/{rel}","templated":true}]}}