{"id":156,"date":"2024-03-07T21:26:05","date_gmt":"2024-03-08T00:26:05","guid":{"rendered":"https:\/\/tudosobreinclusao.com\/eventos\/?p=156"},"modified":"2024-03-07T21:26:17","modified_gmt":"2024-03-08T00:26:17","slug":"mitocon-brasil-tem-apoio-internacional","status":"publish","type":"post","link":"https:\/\/tudosobreinclusao.com\/eventos\/mitocon-brasil-tem-apoio-internacional\/","title":{"rendered":"Mitocon Brasil tem apoio internacional"},"content":{"rendered":"<div>\n<div class=\"WordSection1\">\n<p class=\"MsoNormal\"><span lang=\"PT-BR\"><o:p><\/o:p><\/span><\/p>\n<p class=\"MsoNormal\"><span lang=\"PT-BR\">Legenda da imagem: Cristiane e Dr Pedro Mendes est\u00e3o em p\u00e9 e no centro o banner da Mitocon Brasil. Cr\u00e9ditos: Paulo Speranza<o:p><\/o:p><\/span><\/p>\n<p class=\"MsoNormal\"><span lang=\"PT-BR\"><o:p>&nbsp;<\/o:p><\/span><\/p>\n<p class=\"MsoNormal\"><span lang=\"PT-BR\">MITOCON BRASIL tem apoio internacional e tem o seu lan\u00e7amento no Congresso de Doen\u00e7as Raras Alex Garcia. Evento aconteceu dia 29 de fevereiro com a nossa organiza\u00e7\u00e3o e produ\u00e7\u00e3o.  <o:p><\/o:p><\/span><\/p>\n<p style=\"margin-top:0cm\"><em><span lang=\"PT-BR\" style=\"font-family:Poppins;color:#666666\">Entidade foi lan\u00e7ada de forma oficial no dia 29 de fevereiro, Dia Mundial das Doen\u00e7as Raras e j\u00e1 tem apoio internacional<\/span><\/em><span lang=\"PT-BR\" style=\"font-family:Poppins;color:#666666\"><o:p><\/o:p><\/span><\/p>\n<p style=\"margin-top:0cm;box-sizing: border-box;margin-bottom:1rem;font-variant-ligatures: normal;font-variant-caps: normal;orphans: 2;widows: 2;-webkit-text-stroke-width: 0px;text-decoration-thickness: initial;text-decoration-style: initial;text-decoration-color: initial;word-spacing:0px\">  <span lang=\"PT-BR\" style=\"font-family:Poppins;color:#666666\">O Di\u00e1rio PcD entrevistou Pedro Mendes Ferreira Neto que \u00e9 o presidente da Mitocon Brasil &#8211; Associa\u00e7\u00e3o Brasileira de Gen\u00e9tica Mitocondrial e Doen\u00e7as Mitocondriais que foi lan\u00e7ada oficialmente na \u00faltima   semana de fevereiro, durante o Congresso de Doen\u00e7as Raras, realizado em Osasco, SP.<o:p><\/o:p><\/span><\/p>\n<p style=\"margin-top:0cm;box-sizing: border-box;margin-bottom:1rem;font-variant-ligatures: normal;font-variant-caps: normal;orphans: 2;widows: 2;-webkit-text-stroke-width: 0px;text-decoration-thickness: initial;text-decoration-style: initial;text-decoration-color: initial;word-spacing:0px\">  <span lang=\"PT-BR\" style=\"font-family:Poppins;color:#666666\"><br \/>  &#8220;Trata-se de um novo Projeto e uma nova Frente de Trabalho, focada em fomentar o estudo, a pesquisa, a busca por Pol\u00edticas P\u00fablicas e o acolhimento para pessoas com doen\u00e7as mitocondriais. \u00c9 necess\u00e1rio retirar as doen\u00e7as mitocondriais da condi\u00e7\u00e3o de invisibilidade   perante o Estado e a sociedade, para isso esta entidade se emprenhar\u00e1 de forma extremamente comprometida e com muito entusiasmo&#8221;, afirma o entrevistado.<o:p><\/o:p><\/span><\/p>\n<p style=\"margin-top:0cm;box-sizing: border-box;margin-bottom:1rem;font-variant-ligatures: normal;font-variant-caps: normal;orphans: 2;widows: 2;-webkit-text-stroke-width: 0px;text-decoration-thickness: initial;text-decoration-style: initial;text-decoration-color: initial;word-spacing:0px\">  <span lang=\"PT-BR\" style=\"font-family:Poppins;color:#666666\"><br \/>  A Mitocon Brasil j\u00e1 nasce com um forte apoio internacional, sendo membro do IMP &#8211; International Mito Patients (Federa\u00e7\u00e3o Internacional que re\u00fane associa\u00e7\u00f5es de doen\u00e7as mitocondriais).<br \/>  Ser\u00e1 a primeira vez que um pa\u00eds da Am\u00e9rica Latina passar\u00e1 a ser integrante do IMP, o que coloca o Brasil e a Am\u00e9rica Latina na rota dos estudos, tratamentos experimentais e coopera\u00e7\u00e3o com a comunidade global.<o:p><\/o:p><\/span><\/p>\n<p class=\"MsoNormal\"><span lang=\"PT-BR\">Confira a mat\u00e9ria completa no site: <\/span>  <a href=\"https:\/\/diariopcd.com.br\/2024\/03\/07\/mitocon-brasil-tem-apoio-internacional\/\"><span lang=\"PT-BR\">https:\/\/diariopcd.com.br\/2024\/03\/07\/mitocon-brasil-tem-apoio-internacional\/<\/span><\/a><span lang=\"PT-BR\"><o:p><\/o:p><\/span><\/p>\n<\/p><\/div>\n<\/p><\/div>\n<p><\/p>\n","protected":false},"excerpt":{"rendered":"<p>Legenda da imagem: Cristiane e Dr Pedro Mendes est\u00e3o em p\u00e9 e no centro o banner da Mitocon Brasil. Cr\u00e9ditos: Paulo Speranza &nbsp; MITOCON BRASIL tem apoio internacional e tem o seu lan\u00e7amento no Congresso de Doen\u00e7as Raras Alex Garcia. Evento aconteceu dia 29 de fevereiro com a nossa organiza\u00e7\u00e3o e produ\u00e7\u00e3o. Entidade foi lan\u00e7ada [&hellip;]<\/p>\n","protected":false},"author":1,"featured_media":157,"comment_status":"open","ping_status":"open","sticky":false,"template":"","format":"standard","meta":{"footnotes":""},"categories":[20],"tags":[],"class_list":["post-156","post","type-post","status-publish","format-standard","has-post-thumbnail","hentry","category-geral"],"rttpg_featured_image_url":{"full":["https:\/\/tudosobreinclusao.com\/eventos\/wp-content\/uploads\/2024\/03\/image001.png",423,502,false],"landscape":["https:\/\/tudosobreinclusao.com\/eventos\/wp-content\/uploads\/2024\/03\/image001.png",423,502,false],"portraits":["https:\/\/tudosobreinclusao.com\/eventos\/wp-content\/uploads\/2024\/03\/image001.png",423,502,false],"thumbnail":["https:\/\/tudosobreinclusao.com\/eventos\/wp-content\/uploads\/2024\/03\/image001-150x150.png",150,150,true],"medium":["https:\/\/tudosobreinclusao.com\/eventos\/wp-content\/uploads\/2024\/03\/image001-253x300.png",253,300,true],"large":["https:\/\/tudosobreinclusao.com\/eventos\/wp-content\/uploads\/2024\/03\/image001.png",423,502,false],"1536x1536":["https:\/\/tudosobreinclusao.com\/eventos\/wp-content\/uploads\/2024\/03\/image001.png",423,502,false],"2048x2048":["https:\/\/tudosobreinclusao.com\/eventos\/wp-content\/uploads\/2024\/03\/image001.png",423,502,false]},"rttpg_author":{"display_name":"Cristiane Mayworm","author_link":"https:\/\/tudosobreinclusao.com\/eventos\/author\/admin\/"},"rttpg_comment":0,"rttpg_category":"<a href=\"https:\/\/tudosobreinclusao.com\/eventos\/category\/geral\/\" rel=\"category tag\">Geral<\/a>","rttpg_excerpt":"Legenda da imagem: Cristiane e Dr Pedro Mendes est\u00e3o em p\u00e9 e no centro o banner da Mitocon Brasil. Cr\u00e9ditos: Paulo Speranza &nbsp; MITOCON BRASIL tem apoio internacional e tem o seu lan\u00e7amento no Congresso de Doen\u00e7as Raras Alex Garcia. Evento aconteceu dia 29 de fevereiro com a nossa organiza\u00e7\u00e3o e produ\u00e7\u00e3o. Entidade foi lan\u00e7ada&hellip;","_links":{"self":[{"href":"https:\/\/tudosobreinclusao.com\/eventos\/wp-json\/wp\/v2\/posts\/156","targetHints":{"allow":["GET"]}}],"collection":[{"href":"https:\/\/tudosobreinclusao.com\/eventos\/wp-json\/wp\/v2\/posts"}],"about":[{"href":"https:\/\/tudosobreinclusao.com\/eventos\/wp-json\/wp\/v2\/types\/post"}],"author":[{"embeddable":true,"href":"https:\/\/tudosobreinclusao.com\/eventos\/wp-json\/wp\/v2\/users\/1"}],"replies":[{"embeddable":true,"href":"https:\/\/tudosobreinclusao.com\/eventos\/wp-json\/wp\/v2\/comments?post=156"}],"version-history":[{"count":0,"href":"https:\/\/tudosobreinclusao.com\/eventos\/wp-json\/wp\/v2\/posts\/156\/revisions"}],"wp:featuredmedia":[{"embeddable":true,"href":"https:\/\/tudosobreinclusao.com\/eventos\/wp-json\/wp\/v2\/media\/157"}],"wp:attachment":[{"href":"https:\/\/tudosobreinclusao.com\/eventos\/wp-json\/wp\/v2\/media?parent=156"}],"wp:term":[{"taxonomy":"category","embeddable":true,"href":"https:\/\/tudosobreinclusao.com\/eventos\/wp-json\/wp\/v2\/categories?post=156"},{"taxonomy":"post_tag","embeddable":true,"href":"https:\/\/tudosobreinclusao.com\/eventos\/wp-json\/wp\/v2\/tags?post=156"}],"curies":[{"name":"wp","href":"https:\/\/api.w.org\/{rel}","templated":true}]}}