{"id":142,"date":"2024-03-07T20:39:00","date_gmt":"2024-03-07T23:39:00","guid":{"rendered":"https:\/\/tudosobreinclusao.com\/eventos\/?p=142"},"modified":"2024-03-07T21:09:31","modified_gmt":"2024-03-08T00:09:31","slug":"materia-nova-difusora-congresso-e-um-sucesso","status":"publish","type":"post","link":"https:\/\/tudosobreinclusao.com\/eventos\/materia-nova-difusora-congresso-e-um-sucesso\/","title":{"rendered":"Mat\u00e9ria Nova Difusora: Congresso \u00e9 um sucesso"},"content":{"rendered":"<div>\n<div class=\"WordSection1\">\n<p class=\"MsoNormal\"><span lang=\"PT-BR\">Foto: Cristiane Mayworm interpretando via notebook para Alex Garcia, Dr. Pedro Mendes e Alexandre Braun <\/span><\/p>\n<p class=\"MsoNormal\"><span lang=\"PT-BR\">\u00a0<\/span><\/p>\n<p style=\"mso-margin-top-alt: 0cm; margin-right: 0cm; margin-bottom: 11.25pt; margin-left: 0cm; line-height: 21.0pt;\"><span lang=\"PT-BR\" style=\"font-size: 13.0pt;\">Dentro da proposta de Inclus\u00e3o e Diversidade atrav\u00e9s da informa\u00e7\u00e3o, no \u00faltimo dia 29 de fevereiro, foi realizado o II Congresso de Doen\u00e7as Raras &#8220;Alex Garcia&#8221; reunindo palestrantes de todas as regi\u00f5es do pa\u00eds e com transmiss\u00e3o online para todo mundo.<\/span><\/p>\n<p style=\"mso-margin-top-alt: 0cm; margin-right: 0cm; margin-bottom: 11.25pt; margin-left: 0cm; line-height: 21.0pt; box-sizing: border-box; opacity: 0.9; font-variant-ligatures: normal; font-variant-caps: normal; orphans: 2; text-align: start; widows: 2; -webkit-text-stroke-width: 0px; text-decoration-thickness: initial; text-decoration-style: initial; text-decoration-color: initial; word-spacing: 0px;\"><span lang=\"PT-BR\" style=\"font-size: 13.0pt;\">O espa\u00e7o do evento presencial,\u00a0 em Osasco,\u00a0 teve capacidade m\u00e1xima.\u00a0 A transmiss\u00e3o online via YouTube come\u00e7ou \u00e0s 10h30 e terminou \u00e0s 17h30, e os participantes receberam certificados.<\/span><\/p>\n<p style=\"mso-margin-top-alt: 0cm; margin-right: 0cm; margin-bottom: 11.25pt; margin-left: 0cm; line-height: 21.0pt; box-sizing: border-box; opacity: 0.9; font-variant-ligatures: normal; font-variant-caps: normal; orphans: 2; text-align: start; widows: 2; -webkit-text-stroke-width: 0px; text-decoration-thickness: initial; text-decoration-style: initial; text-decoration-color: initial; word-spacing: 0px;\"><span lang=\"PT-BR\" style=\"font-size: 13.0pt;\">Foram mais de 1500 participantes de todas as regi\u00f5es do pa\u00eds e tamb\u00e9m internacionais das mais diversas \u00e1reas como sa\u00fade, direito, moda, al\u00e9m de pesquisadores, estudantes, pacientes raros e ultrarraros e familiares,\u00a0 atingindo o objetivo de Diversidade e Informa\u00e7\u00e3o.<\/span><\/p>\n<p style=\"mso-margin-top-alt: 0cm; margin-right: 0cm; margin-bottom: 11.25pt; margin-left: 0cm; line-height: 21.0pt; box-sizing: border-box; opacity: 0.9; font-variant-ligatures: normal; font-variant-caps: normal; orphans: 2; text-align: start; widows: 2; -webkit-text-stroke-width: 0px; text-decoration-thickness: initial; text-decoration-style: initial; text-decoration-color: initial; word-spacing: 0px;\"><span lang=\"PT-BR\" style=\"font-size: 13.0pt;\">A produ\u00e7\u00e3o acess\u00edvel e anticapacitista, bem como a programa\u00e7\u00e3o diferenciada da Tudo Sobre Inclus\u00e3o Consultoria foi pensada especialmente para o II Congresso de Doen\u00e7as Raras &#8216;Alex Garcia&#8217;.<\/span><\/p>\n<p style=\"mso-margin-top-alt: 0cm; margin-right: 0cm; margin-bottom: 11.25pt; margin-left: 0cm; line-height: 21.0pt; box-sizing: border-box; opacity: 0.9; font-variant-ligatures: normal; font-variant-caps: normal; orphans: 2; text-align: start; widows: 2; -webkit-text-stroke-width: 0px; text-decoration-thickness: initial; text-decoration-style: initial; text-decoration-color: initial; word-spacing: 0px;\"><span lang=\"PT-BR\" style=\"font-size: 13.0pt;\">Destaque com apoio internacional para o lan\u00e7amento da Mitocon Brasil, pelo Presidente Dr. Pedro Mendes e o diretor Alexandre Braun da Associa\u00e7\u00e3o Brasileira de Gen\u00e9tica Mitocondrial e Doen\u00e7as Mitocondriais, sendo membro do IMP \u2013 International Mito Patients (Federa\u00e7\u00e3o Internacional que re\u00fane associa\u00e7\u00f5es de doen\u00e7as mitocondriais).<\/span><\/p>\n<p style=\"mso-margin-top-alt: 0cm; margin-right: 0cm; margin-bottom: 11.25pt; margin-left: 0cm; line-height: 21.0pt; box-sizing: border-box; opacity: 0.9; font-variant-ligatures: normal; font-variant-caps: normal; orphans: 2; text-align: start; widows: 2; -webkit-text-stroke-width: 0px; text-decoration-thickness: initial; text-decoration-style: initial; text-decoration-color: initial; word-spacing: 0px;\"><span lang=\"PT-BR\" style=\"font-size: 13.0pt;\">Entre in\u00fameras atividades o renovado contou com renomados palestrantes &#8220;raros&#8221;, incluindo o Professor Alex Garcia, uma das pessoas surdocegas mais conhecidas no mundo e fundador-presidente da Associa\u00e7\u00e3o Ga\u00facha de Pais e Amigos dos Surdocegos e Multideficientes \u2013 AGAPASM.<\/span><\/p>\n<p class=\"MsoNormal\"><span lang=\"PT-BR\">Fonte: <a href=\"https:\/\/www.novadifusora.com.br\/noticias\/ii-congresso-de-doencas-raras-alex-garcia-em-osasco-comemora-sucesso\/\"> https:\/\/www.novadifusora.com.br\/noticias\/ii-congresso-de-doencas-raras-alex-garcia-em-osasco-comemora-sucesso\/<\/a><\/span><\/p>\n<p class=\"MsoNormal\"><span lang=\"PT-BR\">\u00a0<\/span><\/p>\n<\/div>\n<\/div>\n","protected":false},"excerpt":{"rendered":"<p>Foto: Cristiane Mayworm interpretando via notebook para Alex Garcia, Dr. Pedro Mendes e Alexandre Braun \u00a0 Dentro da proposta de Inclus\u00e3o e Diversidade atrav\u00e9s da informa\u00e7\u00e3o, no \u00faltimo dia 29 de fevereiro, foi realizado o II Congresso de Doen\u00e7as Raras &#8220;Alex Garcia&#8221; reunindo palestrantes de todas as regi\u00f5es do pa\u00eds e com transmiss\u00e3o online para [&hellip;]<\/p>\n","protected":false},"author":1,"featured_media":143,"comment_status":"open","ping_status":"open","sticky":false,"template":"","format":"standard","meta":{"footnotes":""},"categories":[20],"tags":[],"class_list":["post-142","post","type-post","status-publish","format-standard","has-post-thumbnail","hentry","category-geral"],"rttpg_featured_image_url":{"full":["https:\/\/tudosobreinclusao.com\/eventos\/wp-content\/uploads\/2024\/03\/image001.jpg",860,400,false],"landscape":["https:\/\/tudosobreinclusao.com\/eventos\/wp-content\/uploads\/2024\/03\/image001.jpg",860,400,false],"portraits":["https:\/\/tudosobreinclusao.com\/eventos\/wp-content\/uploads\/2024\/03\/image001.jpg",860,400,false],"thumbnail":["https:\/\/tudosobreinclusao.com\/eventos\/wp-content\/uploads\/2024\/03\/image001-150x150.jpg",150,150,true],"medium":["https:\/\/tudosobreinclusao.com\/eventos\/wp-content\/uploads\/2024\/03\/image001-300x140.jpg",300,140,true],"large":["https:\/\/tudosobreinclusao.com\/eventos\/wp-content\/uploads\/2024\/03\/image001.jpg",860,400,false],"1536x1536":["https:\/\/tudosobreinclusao.com\/eventos\/wp-content\/uploads\/2024\/03\/image001.jpg",860,400,false],"2048x2048":["https:\/\/tudosobreinclusao.com\/eventos\/wp-content\/uploads\/2024\/03\/image001.jpg",860,400,false]},"rttpg_author":{"display_name":"Cristiane Mayworm","author_link":"https:\/\/tudosobreinclusao.com\/eventos\/author\/admin\/"},"rttpg_comment":0,"rttpg_category":"<a href=\"https:\/\/tudosobreinclusao.com\/eventos\/category\/geral\/\" rel=\"category tag\">Geral<\/a>","rttpg_excerpt":"Foto: Cristiane Mayworm interpretando via notebook para Alex Garcia, Dr. Pedro Mendes e Alexandre Braun \u00a0 Dentro da proposta de Inclus\u00e3o e Diversidade atrav\u00e9s da informa\u00e7\u00e3o, no \u00faltimo dia 29 de fevereiro, foi realizado o II Congresso de Doen\u00e7as Raras &#8220;Alex Garcia&#8221; reunindo palestrantes de todas as regi\u00f5es do pa\u00eds e com transmiss\u00e3o online para&hellip;","_links":{"self":[{"href":"https:\/\/tudosobreinclusao.com\/eventos\/wp-json\/wp\/v2\/posts\/142","targetHints":{"allow":["GET"]}}],"collection":[{"href":"https:\/\/tudosobreinclusao.com\/eventos\/wp-json\/wp\/v2\/posts"}],"about":[{"href":"https:\/\/tudosobreinclusao.com\/eventos\/wp-json\/wp\/v2\/types\/post"}],"author":[{"embeddable":true,"href":"https:\/\/tudosobreinclusao.com\/eventos\/wp-json\/wp\/v2\/users\/1"}],"replies":[{"embeddable":true,"href":"https:\/\/tudosobreinclusao.com\/eventos\/wp-json\/wp\/v2\/comments?post=142"}],"version-history":[{"count":2,"href":"https:\/\/tudosobreinclusao.com\/eventos\/wp-json\/wp\/v2\/posts\/142\/revisions"}],"predecessor-version":[{"id":149,"href":"https:\/\/tudosobreinclusao.com\/eventos\/wp-json\/wp\/v2\/posts\/142\/revisions\/149"}],"wp:featuredmedia":[{"embeddable":true,"href":"https:\/\/tudosobreinclusao.com\/eventos\/wp-json\/wp\/v2\/media\/143"}],"wp:attachment":[{"href":"https:\/\/tudosobreinclusao.com\/eventos\/wp-json\/wp\/v2\/media?parent=142"}],"wp:term":[{"taxonomy":"category","embeddable":true,"href":"https:\/\/tudosobreinclusao.com\/eventos\/wp-json\/wp\/v2\/categories?post=142"},{"taxonomy":"post_tag","embeddable":true,"href":"https:\/\/tudosobreinclusao.com\/eventos\/wp-json\/wp\/v2\/tags?post=142"}],"curies":[{"name":"wp","href":"https:\/\/api.w.org\/{rel}","templated":true}]}}