{"id":136,"date":"2024-02-14T23:03:00","date_gmt":"2024-02-15T02:03:00","guid":{"rendered":"https:\/\/tudosobreinclusao.com\/eventos\/?p=136"},"modified":"2024-03-03T23:10:14","modified_gmt":"2024-03-04T02:10:14","slug":"diagnostico-nao-e-sentenca","status":"publish","type":"post","link":"https:\/\/tudosobreinclusao.com\/eventos\/diagnostico-nao-e-sentenca\/","title":{"rendered":"Diagn\u00f3stico n\u00e3o \u00e9 senten\u00e7a"},"content":{"rendered":"\n<figure class=\"wp-block-embed aligncenter is-type-video is-provider-youtube wp-block-embed-youtube wp-embed-aspect-16-9 wp-has-aspect-ratio\"><div class=\"wp-block-embed__wrapper\">\n<iframe loading=\"lazy\" title=\"Diagn\u00f3stico n\u00e3o \u00e9 senten\u00e7a\" width=\"500\" height=\"281\" src=\"https:\/\/www.youtube.com\/embed\/DQDpXjZGdJs?feature=oembed\" frameborder=\"0\" allow=\"accelerometer; autoplay; clipboard-write; encrypted-media; gyroscope; picture-in-picture; web-share\" referrerpolicy=\"strict-origin-when-cross-origin\" allowfullscreen><\/iframe>\n<\/div><\/figure>\n\n\n\n<p>O 2\u00ba Congresso de Doen\u00e7as Raras, que acontecer\u00e1 em 29 de fevereiro, das 10h30 \u00e0s 17h \u2013 presencial e on-line ter\u00e1 transmiss\u00e3o AO VIVO pelo Di\u00e1rio PcD.<\/p>\n\n\n\n<p>Entidades como AGAPASM, ANAPcD, Sindicato dos Metal\u00fargicos de Osasco\/SP, Espa\u00e7o da Cidadania e MITOCON Brasil re\u00fanem os principais nomes sobre doen\u00e7as raras de todo o Brasil e do mundo.<\/p>\n\n\n\n<p>Uma das participantes ser\u00e1 Grace Santos, empreendedora social e diagnosticada com uma doen\u00e7a rara: a s\u00edndrome antissintetase (ou anti sintetase) que tem como principal sintoma a polimiosite. O tema da palestra ser\u00e1 \u201cDiagn\u00f3stico n\u00e3o \u00e9 senten\u00e7a\u201d.<\/p>\n\n\n\n<p>Conhe\u00e7a todas as m\u00eddias sociais do Di\u00e1rio PcD <br>\u00c9 s\u00f3 acessar: <a href=\"https:\/\/www.youtube.com\/redirect?event=video_description&amp;redir_token=QUFFLUhqbW1ia3RTSUZPUW5MTDlzS29HUFdwOEhlQ2Uxd3xBQ3Jtc0tsRHhjWS1wN2hQX0Z3TFN6RDluMDNvWWJaQm4ybHJ3dXBUWDdTY0lWU0lLMW9nbWZ0aXRtYnlrOEVKRi10MmRCNXRnYm1kcmtJenQwYUdlc1V1OW9EN2Q5NGFQNng1ZTgxM292d205SWVpeU5OQ3RLTQ&amp;q=https%3A%2F%2Flinktr.ee%2Fdiariopcd&amp;v=DQDpXjZGdJs\" target=\"_blank\" rel=\"noreferrer noopener\">https:\/\/linktr.ee\/diariopcd<\/a> <\/p>\n\n\n\n<p>\u2022 www.diariopcd.com.br &#8211; SITE ACESS\u00cdVEL EM LIBRAS <br>\u2022 V\u00cdDEOS COM A OP\u00c7\u00c3O DE CC (Closed Caption) <\/p>\n\n\n\n<p>\ud83d\udcf6 Fale com o Di\u00e1rio PcD jornalismopcd@gmail.com <br>\ud83d\udcf211 9 9699 9955 \u2013 WhatsApp e Telegram<\/p>\n","protected":false},"excerpt":{"rendered":"<p>O 2\u00ba Congresso de Doen\u00e7as Raras, que acontecer\u00e1 em 29 de fevereiro, das 10h30 \u00e0s 17h \u2013 presencial e on-line ter\u00e1 transmiss\u00e3o AO VIVO pelo Di\u00e1rio PcD. Entidades como AGAPASM, ANAPcD, Sindicato dos Metal\u00fargicos de Osasco\/SP, Espa\u00e7o da Cidadania e MITOCON Brasil re\u00fanem os principais nomes sobre doen\u00e7as raras de todo o Brasil e do [&hellip;]<\/p>\n","protected":false},"author":1,"featured_media":140,"comment_status":"open","ping_status":"open","sticky":false,"template":"","format":"standard","meta":{"footnotes":""},"categories":[20],"tags":[],"class_list":["post-136","post","type-post","status-publish","format-standard","has-post-thumbnail","hentry","category-geral"],"rttpg_featured_image_url":{"full":["https:\/\/tudosobreinclusao.com\/eventos\/wp-content\/uploads\/2024\/03\/image-8.png",623,349,false],"landscape":["https:\/\/tudosobreinclusao.com\/eventos\/wp-content\/uploads\/2024\/03\/image-8.png",623,349,false],"portraits":["https:\/\/tudosobreinclusao.com\/eventos\/wp-content\/uploads\/2024\/03\/image-8.png",623,349,false],"thumbnail":["https:\/\/tudosobreinclusao.com\/eventos\/wp-content\/uploads\/2024\/03\/image-8-150x150.png",150,150,true],"medium":["https:\/\/tudosobreinclusao.com\/eventos\/wp-content\/uploads\/2024\/03\/image-8-300x168.png",300,168,true],"large":["https:\/\/tudosobreinclusao.com\/eventos\/wp-content\/uploads\/2024\/03\/image-8.png",623,349,false],"1536x1536":["https:\/\/tudosobreinclusao.com\/eventos\/wp-content\/uploads\/2024\/03\/image-8.png",623,349,false],"2048x2048":["https:\/\/tudosobreinclusao.com\/eventos\/wp-content\/uploads\/2024\/03\/image-8.png",623,349,false]},"rttpg_author":{"display_name":"Cristiane Mayworm","author_link":"https:\/\/tudosobreinclusao.com\/eventos\/author\/admin\/"},"rttpg_comment":0,"rttpg_category":"<a href=\"https:\/\/tudosobreinclusao.com\/eventos\/category\/geral\/\" rel=\"category tag\">Geral<\/a>","rttpg_excerpt":"O 2\u00ba Congresso de Doen\u00e7as Raras, que acontecer\u00e1 em 29 de fevereiro, das 10h30 \u00e0s 17h \u2013 presencial e on-line ter\u00e1 transmiss\u00e3o AO VIVO pelo Di\u00e1rio PcD. Entidades como AGAPASM, ANAPcD, Sindicato dos Metal\u00fargicos de Osasco\/SP, Espa\u00e7o da Cidadania e MITOCON Brasil re\u00fanem os principais nomes sobre doen\u00e7as raras de todo o Brasil e do&hellip;","_links":{"self":[{"href":"https:\/\/tudosobreinclusao.com\/eventos\/wp-json\/wp\/v2\/posts\/136","targetHints":{"allow":["GET"]}}],"collection":[{"href":"https:\/\/tudosobreinclusao.com\/eventos\/wp-json\/wp\/v2\/posts"}],"about":[{"href":"https:\/\/tudosobreinclusao.com\/eventos\/wp-json\/wp\/v2\/types\/post"}],"author":[{"embeddable":true,"href":"https:\/\/tudosobreinclusao.com\/eventos\/wp-json\/wp\/v2\/users\/1"}],"replies":[{"embeddable":true,"href":"https:\/\/tudosobreinclusao.com\/eventos\/wp-json\/wp\/v2\/comments?post=136"}],"version-history":[{"count":1,"href":"https:\/\/tudosobreinclusao.com\/eventos\/wp-json\/wp\/v2\/posts\/136\/revisions"}],"predecessor-version":[{"id":139,"href":"https:\/\/tudosobreinclusao.com\/eventos\/wp-json\/wp\/v2\/posts\/136\/revisions\/139"}],"wp:featuredmedia":[{"embeddable":true,"href":"https:\/\/tudosobreinclusao.com\/eventos\/wp-json\/wp\/v2\/media\/140"}],"wp:attachment":[{"href":"https:\/\/tudosobreinclusao.com\/eventos\/wp-json\/wp\/v2\/media?parent=136"}],"wp:term":[{"taxonomy":"category","embeddable":true,"href":"https:\/\/tudosobreinclusao.com\/eventos\/wp-json\/wp\/v2\/categories?post=136"},{"taxonomy":"post_tag","embeddable":true,"href":"https:\/\/tudosobreinclusao.com\/eventos\/wp-json\/wp\/v2\/tags?post=136"}],"curies":[{"name":"wp","href":"https:\/\/api.w.org\/{rel}","templated":true}]}}