{"id":134,"date":"2024-02-05T23:01:00","date_gmt":"2024-02-06T02:01:00","guid":{"rendered":"https:\/\/tudosobreinclusao.com\/eventos\/?p=134"},"modified":"2024-03-03T23:02:54","modified_gmt":"2024-03-04T02:02:54","slug":"evento-reunira-principais-nomes-do-brasil","status":"publish","type":"post","link":"https:\/\/tudosobreinclusao.com\/eventos\/evento-reunira-principais-nomes-do-brasil\/","title":{"rendered":"Evento reunir\u00e1 principais nomes do Brasil"},"content":{"rendered":"\n<p><a href=\"https:\/\/www.youtube.com\/@DiarioPcD\"><\/a><\/p>\n\n\n\n<figure class=\"wp-block-embed aligncenter is-type-video is-provider-youtube wp-block-embed-youtube wp-embed-aspect-4-3 wp-has-aspect-ratio\"><div class=\"wp-block-embed__wrapper\">\n<iframe loading=\"lazy\" title=\"Evento reunir\u00e1 principais nomes do Brasil\" width=\"500\" height=\"375\" src=\"https:\/\/www.youtube.com\/embed\/ZgAxLMZbJak?feature=oembed\" frameborder=\"0\" allow=\"accelerometer; autoplay; clipboard-write; encrypted-media; gyroscope; picture-in-picture; web-share\" referrerpolicy=\"strict-origin-when-cross-origin\" allowfullscreen><\/iframe>\n<\/div><\/figure>\n\n\n\n<p>O 2\u00ba Congresso de Doen\u00e7as Raras, que acontecer\u00e1 em 29 de fevereiro, das 10h30 \u00e0s 17h \u2013 presencial e on-line ter\u00e1 transmiss\u00e3o AO VIVO pelo Di\u00e1rio PcD.<\/p>\n\n\n\n<p>Entidades como AGAPASM, Sindicato dos Metal\u00fargicos de Osasco\/SP, Espa\u00e7o da Cidadania, e MITOCON Brasil reunir\u00e3o os principais nomes sobre doen\u00e7as raras de todo o Brasil e do mundo.<\/p>\n\n\n\n<p>Um dos palestrantes \u00e9 Pedro Mendes Ferreira Neto que vai debater sobre &#8220;Pol\u00edticas P\u00fablicas para pessoas com doen\u00e7as raras no Brasil: dos paradigmas atuais \u00e0 necess\u00e1ria constru\u00e7\u00e3o de novos alicerces&#8221;<\/p>\n\n\n\n<p>Conhe\u00e7a todas as m\u00eddias sociais do Di\u00e1rio PcD <br>\u00c9 s\u00f3 acessar: <a href=\"https:\/\/www.youtube.com\/redirect?event=video_description&amp;redir_token=QUFFLUhqbjFZR3JhM0Nsc2xTWUpBemFfVDQ1aDBlYm1xd3xBQ3Jtc0trYjJiaFlRTm1NcW5Xam1SZ1hmRElyc01mMzlzdC1yRDc4TjlCSnNoZ1RITHVEQlZHNTdaSTFDc1VQOWJOSWo3X0NRODNEZkt5U2VIM0ZfUDJ1N1VBV1dHcVVmdWpnTWNqZWJGODVTZW9Fc005U1NCYw&amp;q=https%3A%2F%2Flinktr.ee%2Fdiariopcd&amp;v=ZgAxLMZbJak\" target=\"_blank\" rel=\"noreferrer noopener\">https:\/\/linktr.ee\/diariopcd<\/a><\/p>\n\n\n\n<p>\u2022 www.diariopcd.com.br &#8211; SITE ACESS\u00cdVEL EM LIBRAS <br>\u2022 V\u00cdDEOS COM A OP\u00c7\u00c3O DE CC (Closed Caption)<\/p>\n\n\n\n<p>\ud83d\udcf6 Fale com o Di\u00e1rio PcD jornalismopcd@gmail.com <br>\ud83d\udcf211 9 9699 9955 \u2013 WhatsApp e Telegram<\/p>\n","protected":false},"excerpt":{"rendered":"<p>O 2\u00ba Congresso de Doen\u00e7as Raras, que acontecer\u00e1 em 29 de fevereiro, das 10h30 \u00e0s 17h \u2013 presencial e on-line ter\u00e1 transmiss\u00e3o AO VIVO pelo Di\u00e1rio PcD. Entidades como AGAPASM, Sindicato dos Metal\u00fargicos de Osasco\/SP, Espa\u00e7o da Cidadania, e MITOCON Brasil reunir\u00e3o os principais nomes sobre doen\u00e7as raras de todo o Brasil e do mundo. [&hellip;]<\/p>\n","protected":false},"author":1,"featured_media":0,"comment_status":"open","ping_status":"open","sticky":false,"template":"","format":"standard","meta":{"footnotes":""},"categories":[20],"tags":[],"class_list":["post-134","post","type-post","status-publish","format-standard","hentry","category-geral"],"rttpg_featured_image_url":null,"rttpg_author":{"display_name":"Cristiane Mayworm","author_link":"https:\/\/tudosobreinclusao.com\/eventos\/author\/admin\/"},"rttpg_comment":0,"rttpg_category":"<a href=\"https:\/\/tudosobreinclusao.com\/eventos\/category\/geral\/\" rel=\"category tag\">Geral<\/a>","rttpg_excerpt":"O 2\u00ba Congresso de Doen\u00e7as Raras, que acontecer\u00e1 em 29 de fevereiro, das 10h30 \u00e0s 17h \u2013 presencial e on-line ter\u00e1 transmiss\u00e3o AO VIVO pelo Di\u00e1rio PcD. Entidades como AGAPASM, Sindicato dos Metal\u00fargicos de Osasco\/SP, Espa\u00e7o da Cidadania, e MITOCON Brasil reunir\u00e3o os principais nomes sobre doen\u00e7as raras de todo o Brasil e do mundo.&hellip;","_links":{"self":[{"href":"https:\/\/tudosobreinclusao.com\/eventos\/wp-json\/wp\/v2\/posts\/134","targetHints":{"allow":["GET"]}}],"collection":[{"href":"https:\/\/tudosobreinclusao.com\/eventos\/wp-json\/wp\/v2\/posts"}],"about":[{"href":"https:\/\/tudosobreinclusao.com\/eventos\/wp-json\/wp\/v2\/types\/post"}],"author":[{"embeddable":true,"href":"https:\/\/tudosobreinclusao.com\/eventos\/wp-json\/wp\/v2\/users\/1"}],"replies":[{"embeddable":true,"href":"https:\/\/tudosobreinclusao.com\/eventos\/wp-json\/wp\/v2\/comments?post=134"}],"version-history":[{"count":1,"href":"https:\/\/tudosobreinclusao.com\/eventos\/wp-json\/wp\/v2\/posts\/134\/revisions"}],"predecessor-version":[{"id":135,"href":"https:\/\/tudosobreinclusao.com\/eventos\/wp-json\/wp\/v2\/posts\/134\/revisions\/135"}],"wp:attachment":[{"href":"https:\/\/tudosobreinclusao.com\/eventos\/wp-json\/wp\/v2\/media?parent=134"}],"wp:term":[{"taxonomy":"category","embeddable":true,"href":"https:\/\/tudosobreinclusao.com\/eventos\/wp-json\/wp\/v2\/categories?post=134"},{"taxonomy":"post_tag","embeddable":true,"href":"https:\/\/tudosobreinclusao.com\/eventos\/wp-json\/wp\/v2\/tags?post=134"}],"curies":[{"name":"wp","href":"https:\/\/api.w.org\/{rel}","templated":true}]}}