{"id":132,"date":"2024-02-10T22:59:00","date_gmt":"2024-02-11T01:59:00","guid":{"rendered":"https:\/\/tudosobreinclusao.com\/eventos\/?p=132"},"modified":"2024-03-03T23:05:56","modified_gmt":"2024-03-04T02:05:56","slug":"rede-nacional-em-debate","status":"publish","type":"post","link":"https:\/\/tudosobreinclusao.com\/eventos\/rede-nacional-em-debate\/","title":{"rendered":"Rede Nacional em debate"},"content":{"rendered":"\n<figure class=\"wp-block-embed aligncenter is-type-video is-provider-youtube wp-block-embed-youtube wp-embed-aspect-16-9 wp-has-aspect-ratio\"><div class=\"wp-block-embed__wrapper\">\n<iframe loading=\"lazy\" title=\"Rede Nacional em debate\" width=\"500\" height=\"281\" src=\"https:\/\/www.youtube.com\/embed\/rymZaSY1EjA?feature=oembed\" frameborder=\"0\" allow=\"accelerometer; autoplay; clipboard-write; encrypted-media; gyroscope; picture-in-picture; web-share\" referrerpolicy=\"strict-origin-when-cross-origin\" allowfullscreen><\/iframe>\n<\/div><\/figure>\n\n\n\n<p>O 2\u00ba Congresso de Doen\u00e7as Raras, que acontecer\u00e1 em 29 de fevereiro, das 10h30 \u00e0s 17h \u2013 presencial e on-line ter\u00e1 transmiss\u00e3o AO VIVO pelo Di\u00e1rio PcD.<\/p>\n\n\n\n<p>Entidades como AGAPASM, ANAPcD, Sindicato dos Metal\u00fargicos de Osasco\/SP, Espa\u00e7o da Cidadania, e MITOCON Brasil reunir\u00e3o os principais nomes sobre doen\u00e7as raras de todo o Brasil e do mundo.<\/p>\n\n\n\n<p>Uma das participantes ser\u00e1 a m\u00e9dica Dra. T\u00eamis Maria F\u00e9lix que far\u00e1 palestra sobre Rede Nacional para Doen\u00e7as Raras no Brasil<\/p>\n\n\n\n<p><a href=\"https:\/\/www.youtube.com\/channel\/UCcUGOcnGZD9gCG-k-4TfQog\">@mamaeespecial<\/a><\/p>\n\n\n\n<p>O evento, inovador e raro, contribuir\u00e1 para a conscientiza\u00e7\u00e3o e avan\u00e7o no cuidado de 13 milh\u00f5es de brasileiros com condi\u00e7\u00f5es raras de sa\u00fade.<\/p>\n\n\n\n<p>Conhe\u00e7a todas as m\u00eddias sociais do Di\u00e1rio PcD <br>\u00c9 s\u00f3 acessar: <a href=\"https:\/\/www.youtube.com\/redirect?event=video_description&amp;redir_token=QUFFLUhqa2MxSTh3bHRlZ1lLdHMxS0Z4ZU9xZjFHM1pLZ3xBQ3Jtc0trVlNSVlNGM3FZTUMxdG1DYmlfNk5RaS1WMUpOWmRwQ1ZlZTY2Qzd0akthTlYwWFRQYzUwYTAxcGdwXzUwZWM1X21Qam5jc1dOTHBZaHJTb0kzOG1uZk5rYjI2c1dvaWtCdlFFaVZiY3Y5ZDFaM2phbw&amp;q=https%3A%2F%2Flinktr.ee%2Fdiariopcd&amp;v=rymZaSY1EjA\" target=\"_blank\" rel=\"noreferrer noopener\">https:\/\/linktr.ee\/diariopcd<\/a> <\/p>\n\n\n\n<p>\u2022 www.diariopcd.com.br &#8211; SITE ACESS\u00cdVEL EM LIBRAS <br>\u2022 V\u00cdDEOS COM A OP\u00c7\u00c3O DE CC (Closed Caption) <\/p>\n\n\n\n<p>\ud83d\udcf6 Fale com o Di\u00e1rio PcD jornalismopcd@gmail.com <br>\ud83d\udcf211 9 9699 9955 \u2013 WhatsApp e Telegram<\/p>\n","protected":false},"excerpt":{"rendered":"<p>O 2\u00ba Congresso de Doen\u00e7as Raras, que acontecer\u00e1 em 29 de fevereiro, das 10h30 \u00e0s 17h \u2013 presencial e on-line ter\u00e1 transmiss\u00e3o AO VIVO pelo Di\u00e1rio PcD. Entidades como AGAPASM, ANAPcD, Sindicato dos Metal\u00fargicos de Osasco\/SP, Espa\u00e7o da Cidadania, e MITOCON Brasil reunir\u00e3o os principais nomes sobre doen\u00e7as raras de todo o Brasil e do [&hellip;]<\/p>\n","protected":false},"author":1,"featured_media":137,"comment_status":"open","ping_status":"open","sticky":false,"template":"","format":"standard","meta":{"footnotes":""},"categories":[20],"tags":[],"class_list":["post-132","post","type-post","status-publish","format-standard","has-post-thumbnail","hentry","category-geral"],"rttpg_featured_image_url":{"full":["https:\/\/tudosobreinclusao.com\/eventos\/wp-content\/uploads\/2024\/03\/image-6.png",625,351,false],"landscape":["https:\/\/tudosobreinclusao.com\/eventos\/wp-content\/uploads\/2024\/03\/image-6.png",625,351,false],"portraits":["https:\/\/tudosobreinclusao.com\/eventos\/wp-content\/uploads\/2024\/03\/image-6.png",625,351,false],"thumbnail":["https:\/\/tudosobreinclusao.com\/eventos\/wp-content\/uploads\/2024\/03\/image-6-150x150.png",150,150,true],"medium":["https:\/\/tudosobreinclusao.com\/eventos\/wp-content\/uploads\/2024\/03\/image-6-300x168.png",300,168,true],"large":["https:\/\/tudosobreinclusao.com\/eventos\/wp-content\/uploads\/2024\/03\/image-6.png",625,351,false],"1536x1536":["https:\/\/tudosobreinclusao.com\/eventos\/wp-content\/uploads\/2024\/03\/image-6.png",625,351,false],"2048x2048":["https:\/\/tudosobreinclusao.com\/eventos\/wp-content\/uploads\/2024\/03\/image-6.png",625,351,false]},"rttpg_author":{"display_name":"Cristiane Mayworm","author_link":"https:\/\/tudosobreinclusao.com\/eventos\/author\/admin\/"},"rttpg_comment":0,"rttpg_category":"<a href=\"https:\/\/tudosobreinclusao.com\/eventos\/category\/geral\/\" rel=\"category tag\">Geral<\/a>","rttpg_excerpt":"O 2\u00ba Congresso de Doen\u00e7as Raras, que acontecer\u00e1 em 29 de fevereiro, das 10h30 \u00e0s 17h \u2013 presencial e on-line ter\u00e1 transmiss\u00e3o AO VIVO pelo Di\u00e1rio PcD. Entidades como AGAPASM, ANAPcD, Sindicato dos Metal\u00fargicos de Osasco\/SP, Espa\u00e7o da Cidadania, e MITOCON Brasil reunir\u00e3o os principais nomes sobre doen\u00e7as raras de todo o Brasil e do&hellip;","_links":{"self":[{"href":"https:\/\/tudosobreinclusao.com\/eventos\/wp-json\/wp\/v2\/posts\/132","targetHints":{"allow":["GET"]}}],"collection":[{"href":"https:\/\/tudosobreinclusao.com\/eventos\/wp-json\/wp\/v2\/posts"}],"about":[{"href":"https:\/\/tudosobreinclusao.com\/eventos\/wp-json\/wp\/v2\/types\/post"}],"author":[{"embeddable":true,"href":"https:\/\/tudosobreinclusao.com\/eventos\/wp-json\/wp\/v2\/users\/1"}],"replies":[{"embeddable":true,"href":"https:\/\/tudosobreinclusao.com\/eventos\/wp-json\/wp\/v2\/comments?post=132"}],"version-history":[{"count":1,"href":"https:\/\/tudosobreinclusao.com\/eventos\/wp-json\/wp\/v2\/posts\/132\/revisions"}],"predecessor-version":[{"id":133,"href":"https:\/\/tudosobreinclusao.com\/eventos\/wp-json\/wp\/v2\/posts\/132\/revisions\/133"}],"wp:featuredmedia":[{"embeddable":true,"href":"https:\/\/tudosobreinclusao.com\/eventos\/wp-json\/wp\/v2\/media\/137"}],"wp:attachment":[{"href":"https:\/\/tudosobreinclusao.com\/eventos\/wp-json\/wp\/v2\/media?parent=132"}],"wp:term":[{"taxonomy":"category","embeddable":true,"href":"https:\/\/tudosobreinclusao.com\/eventos\/wp-json\/wp\/v2\/categories?post=132"},{"taxonomy":"post_tag","embeddable":true,"href":"https:\/\/tudosobreinclusao.com\/eventos\/wp-json\/wp\/v2\/tags?post=132"}],"curies":[{"name":"wp","href":"https:\/\/api.w.org\/{rel}","templated":true}]}}