{"id":130,"date":"2024-02-01T22:56:00","date_gmt":"2024-02-02T01:56:00","guid":{"rendered":"https:\/\/tudosobreinclusao.com\/eventos\/?p=130"},"modified":"2024-03-03T22:58:55","modified_gmt":"2024-03-04T01:58:55","slug":"2-congresso-de-doencas-raras-em-osasco-sp","status":"publish","type":"post","link":"https:\/\/tudosobreinclusao.com\/eventos\/2-congresso-de-doencas-raras-em-osasco-sp\/","title":{"rendered":"2\u00b0 Congresso de Doen\u00e7as Raras em Osasco\/SP"},"content":{"rendered":"\n<figure class=\"wp-block-embed aligncenter is-type-video is-provider-youtube wp-block-embed-youtube wp-embed-aspect-4-3 wp-has-aspect-ratio\"><div class=\"wp-block-embed__wrapper\">\n<iframe loading=\"lazy\" title=\"Congresso de Doen\u00e7as Raras em Osasco\/SP\" width=\"500\" height=\"375\" src=\"https:\/\/www.youtube.com\/embed\/QQW2Skz1TBU?feature=oembed\" frameborder=\"0\" allow=\"accelerometer; autoplay; clipboard-write; encrypted-media; gyroscope; picture-in-picture; web-share\" referrerpolicy=\"strict-origin-when-cross-origin\" allowfullscreen><\/iframe>\n<\/div><\/figure>\n\n\n\n<p>No pr\u00f3ximo dia 29 de fevereiro, uma data rara no calend\u00e1rio, o 2\u00ba Congresso de Doen\u00e7as Raras &#8220;Alex Garcia&#8221; reunir\u00e1 profissionais de sa\u00fade, pesquisadores, pacientes raros e ultrarraros, bem como representantes de organiza\u00e7\u00f5es governamentais e n\u00e3o governamentais.<\/p>\n\n\n\n<p>O evento acontecer\u00e1 de forma presencial e online, transmitido ao vivo pelo canal do Youtube do Di\u00e1rio PcD, das 10h30 \u00e0s 12h30 e das 14h \u00e0s 17horas.<\/p>\n\n\n\n<p>O congresso presencial ser\u00e1 realizado no Audit\u00f3rio do Sindicato dos Metal\u00fargicos de Osasco e Regi\u00e3o\/ Espa\u00e7o da Cidadania \u2013 localizado na Rua Erasmo Braga, 307, 3\u00ba Andar &#8211; Pres. Altino, Osasco \u2013 SP e tamb\u00e9m dispon\u00edvel ao vivo pelo youtube.<\/p>\n\n\n\n<p><a href=\"https:\/\/www.youtube.com\/channel\/UCPX1o9TwU4QoTWbDe7Moucg\">@mdhcbrasil<\/a><\/p>\n\n\n\n<p>Inscri\u00e7\u00f5es <a href=\"https:\/\/www.youtube.com\/redirect?event=video_description&amp;redir_token=QUFFLUhqa2U4cElJYXNFRXpCVjhSMHhfU0NZXzlVZkZqd3xBQ3Jtc0ttTzRNdWpTYUpNSTBILWVLaWhZNm9odWRqeUpyMTJFZGJyT3o1WGlyUGFvS1JFZVhBYlJmZG1IWEE1bm5ISV93bnJoN1ZWZUdaVFJuSXhLb1luTld6SW01bUxFWklqeXpHRTlIYTVORW5wMzhVa1psdw&amp;q=https%3A%2F%2Fwww.sympla.com.br%2Fevento-online%2Fcongresso-de-doencas-raras-alex-garcia%2F2321257%3Freferrer%3Ddiariopcd.com.br&amp;v=QQW2Skz1TBU\" target=\"_blank\" rel=\"noreferrer noopener\">https:\/\/www.sympla.com.br\/evento-onli&#8230;<\/a><\/p>\n\n\n\n<p><a href=\"https:\/\/www.youtube.com\/hashtag\/pessoacomdeficiencia\">#pessoacomdeficiencia<\/a> <a href=\"https:\/\/www.youtube.com\/hashtag\/pcd\">#pcd<\/a> <a href=\"https:\/\/www.youtube.com\/hashtag\/not%C3%ADcias\">#not\u00edcias<\/a> <a href=\"https:\/\/www.youtube.com\/hashtag\/informa%C3%A7%C3%A3o\">#informa\u00e7\u00e3o<\/a> <a href=\"https:\/\/www.youtube.com\/hashtag\/inclus%C3%A3o\">#inclus\u00e3o<\/a><\/p>\n\n\n\n<p>Mais detalhes em: <br>* 2\u00b0 Congresso de Doen\u00e7as Raras Alex Garcia reunir\u00e1 principais nomes de todo o Brasil<\/p>\n\n\n\n<p><a href=\"https:\/\/diariopcd.com.br\/2024\/02\/01\/2...\">https:\/\/diariopcd.com.br\/2024\/02\/01\/2&#8230;<\/a><\/p>\n\n\n\n<p>\ud83d\udcf6 Fale com o Di\u00e1rio PcD <br>jornalismopcd@gmail.com <br>\ud83d\udcf211 9 9699 9955 \u2013 WhatsApp e Telegram<\/p>\n","protected":false},"excerpt":{"rendered":"<p>No pr\u00f3ximo dia 29 de fevereiro, uma data rara no calend\u00e1rio, o 2\u00ba Congresso de Doen\u00e7as Raras &#8220;Alex Garcia&#8221; reunir\u00e1 profissionais de sa\u00fade, pesquisadores, pacientes raros e ultrarraros, bem como representantes de organiza\u00e7\u00f5es governamentais e n\u00e3o governamentais. O evento acontecer\u00e1 de forma presencial e online, transmitido ao vivo pelo canal do Youtube do Di\u00e1rio PcD, [&hellip;]<\/p>\n","protected":false},"author":1,"featured_media":0,"comment_status":"open","ping_status":"open","sticky":false,"template":"","format":"standard","meta":{"footnotes":""},"categories":[20],"tags":[],"class_list":["post-130","post","type-post","status-publish","format-standard","hentry","category-geral"],"rttpg_featured_image_url":null,"rttpg_author":{"display_name":"Cristiane Mayworm","author_link":"https:\/\/tudosobreinclusao.com\/eventos\/author\/admin\/"},"rttpg_comment":5,"rttpg_category":"<a href=\"https:\/\/tudosobreinclusao.com\/eventos\/category\/geral\/\" rel=\"category tag\">Geral<\/a>","rttpg_excerpt":"No pr\u00f3ximo dia 29 de fevereiro, uma data rara no calend\u00e1rio, o 2\u00ba Congresso de Doen\u00e7as Raras &#8220;Alex Garcia&#8221; reunir\u00e1 profissionais de sa\u00fade, pesquisadores, pacientes raros e ultrarraros, bem como representantes de organiza\u00e7\u00f5es governamentais e n\u00e3o governamentais. O evento acontecer\u00e1 de forma presencial e online, transmitido ao vivo pelo canal do Youtube do Di\u00e1rio PcD,&hellip;","_links":{"self":[{"href":"https:\/\/tudosobreinclusao.com\/eventos\/wp-json\/wp\/v2\/posts\/130","targetHints":{"allow":["GET"]}}],"collection":[{"href":"https:\/\/tudosobreinclusao.com\/eventos\/wp-json\/wp\/v2\/posts"}],"about":[{"href":"https:\/\/tudosobreinclusao.com\/eventos\/wp-json\/wp\/v2\/types\/post"}],"author":[{"embeddable":true,"href":"https:\/\/tudosobreinclusao.com\/eventos\/wp-json\/wp\/v2\/users\/1"}],"replies":[{"embeddable":true,"href":"https:\/\/tudosobreinclusao.com\/eventos\/wp-json\/wp\/v2\/comments?post=130"}],"version-history":[{"count":1,"href":"https:\/\/tudosobreinclusao.com\/eventos\/wp-json\/wp\/v2\/posts\/130\/revisions"}],"predecessor-version":[{"id":131,"href":"https:\/\/tudosobreinclusao.com\/eventos\/wp-json\/wp\/v2\/posts\/130\/revisions\/131"}],"wp:attachment":[{"href":"https:\/\/tudosobreinclusao.com\/eventos\/wp-json\/wp\/v2\/media?parent=130"}],"wp:term":[{"taxonomy":"category","embeddable":true,"href":"https:\/\/tudosobreinclusao.com\/eventos\/wp-json\/wp\/v2\/categories?post=130"},{"taxonomy":"post_tag","embeddable":true,"href":"https:\/\/tudosobreinclusao.com\/eventos\/wp-json\/wp\/v2\/tags?post=130"}],"curies":[{"name":"wp","href":"https:\/\/api.w.org\/{rel}","templated":true}]}}