{"id":128,"date":"2024-02-06T22:54:00","date_gmt":"2024-02-07T01:54:00","guid":{"rendered":"https:\/\/tudosobreinclusao.com\/eventos\/?p=128"},"modified":"2024-03-03T23:07:32","modified_gmt":"2024-03-04T02:07:32","slug":"brasileiros-esperam-por-diagnostico","status":"publish","type":"post","link":"https:\/\/tudosobreinclusao.com\/eventos\/brasileiros-esperam-por-diagnostico\/","title":{"rendered":"Brasileiros esperam por diagn\u00f3stico"},"content":{"rendered":"\n<figure class=\"wp-block-embed aligncenter is-type-video is-provider-youtube wp-block-embed-youtube wp-embed-aspect-16-9 wp-has-aspect-ratio\"><div class=\"wp-block-embed__wrapper\">\n<iframe loading=\"lazy\" title=\"Brasileiros esperam por diagn\u00f3stico\" width=\"500\" height=\"281\" src=\"https:\/\/www.youtube.com\/embed\/0E9vrsnzgew?feature=oembed\" frameborder=\"0\" allow=\"accelerometer; autoplay; clipboard-write; encrypted-media; gyroscope; picture-in-picture; web-share\" referrerpolicy=\"strict-origin-when-cross-origin\" allowfullscreen><\/iframe>\n<\/div><\/figure>\n\n\n\n<p>Cristiane Mayworm e Pedro Mendes Ferreira Neto compartilham todas as informa\u00e7\u00f5es sobre o 2\u00ba Congresso de Doen\u00e7as Raras \u201cAlex Garcia\u201d, que ser\u00e1 realizado no dia 29 de fevereiro, em Osasco\/SP, de forma hibrida.<\/p>\n\n\n\n<p>Um dos objetivos do evento \u00e9 levar a informa\u00e7\u00e3o e dar visibilidade as doen\u00e7as raras, para que fam\u00edlias consigam encontrar o diagn\u00f3stico de forma mais r\u00e1pida. <\/p>\n\n\n\n<p>Pedro Mendes esteve por 3 anos em busca de conhecer o seu diagn\u00f3stico, inclusive fora do Brasil e ser\u00e1 um dos palestrantes. <\/p>\n\n\n\n<p>O quadro Vozes pela Inclus\u00e3o \u00e9 apresentado todas \u00e0s ter\u00e7as-feiras, \u00e0s 20h, pelo Canal do Di\u00e1rio PcD no YouTube e nas p\u00e1ginas no Facebook. <\/p>\n\n\n\n<p>Inscri\u00e7\u00f5es limitadas e gratuitas pelo link: <a href=\"https:\/\/www.youtube.com\/redirect?event=video_description&amp;redir_token=QUFFLUhqbEpDLWNYT09aTzI4SUQwakdrTUZvVzJCRGxKQXxBQ3Jtc0tsNWR4WHpzUEFTc0hBcXFZRHJkN2o4NWs0Z0NwWjFINnpGWVI0T1YzTHJlUW5DdVRncTNrVmVVTDdSUWMtcVpzaF9NZ255b3Z2R0o0QjJvTkhPSDVVLVBCU25kSGcwRHg3UEd3STlYUTZwOUxrZEY5WQ&amp;q=https%3A%2F%2Fwww.sympla.com.br%2Fevento-online%2F2-congresso-de-doencas-raras-alex-garcia%2F2321257%3Freferrer%3Ddiariopcd.com.br&amp;v=0E9vrsnzgew\" target=\"_blank\" rel=\"noreferrer noopener\">https:\/\/www.sympla.com.br\/evento-onli&#8230;<\/a> <\/p>\n\n\n\n<p>\u2022 Congresso traz Inova\u00e7\u00e3o, Direito, Educa\u00e7\u00e3o e Empreendedorismo para milh\u00f5es de brasileiros com condi\u00e7\u00f5es raras de sa\u00fade <a href=\"https:\/\/www.youtube.com\/redirect?event=video_description&amp;redir_token=QUFFLUhqbnlUbFZLQTkySzlSLWpXdTV0T2FieXZzMXpyUXxBQ3Jtc0tucVVRSVRQZnh1dnNCc2pGRkt1VTVDendNWWVRa2ZSc3NaeVBZeE1jdVA5amlmQUY1Z2g5TzZqSVNvelNfUWJYcWQ4VV9JSmhBMllIWUZhNGxhWHREX0gtdkVqQ3ZEM0x5MWd0OEFDSnNmU0VEajFBQQ&amp;q=https%3A%2F%2Fdiariopcd.com.br%2F2024%2F02%2F05%2Fcongresso-traz-inovacao-direito-educacao-e-empreendedorismo-para-milhoes-de-brasileiros-com-condicoes-raras-de-saude%2F&amp;v=0E9vrsnzgew\" target=\"_blank\" rel=\"noreferrer noopener\">https:\/\/diariopcd.com.br\/2024\/02\/05\/c&#8230;<\/a> <\/p>\n\n\n\n<p>Conhe\u00e7a todas as m\u00eddias sociais do Di\u00e1rio PcD. <\/p>\n\n\n\n<p>\u00c9 s\u00f3 acessar: <a href=\"https:\/\/www.youtube.com\/redirect?event=video_description&amp;redir_token=QUFFLUhqbnlHUVd6YlUzVnJSQ2FEcnkzWmtEVlBoZ191Z3xBQ3Jtc0trWmVoemFzYjYxTlByZUw2QmhFLU1ObThJM284aDk0YTFubVVwcUFINW9uRHZoZnNLOGZOSHprYVNWUGgxaUtFUnZxckxjSUFka2ZRR0podlF2LW5qeGNXQy0tUkRVS19faTViclktMngtZFFhbWlYbw&amp;q=https%3A%2F%2Flinktr.ee%2Fdiariopcd&amp;v=0E9vrsnzgew\" target=\"_blank\" rel=\"noreferrer noopener\">https:\/\/linktr.ee\/diariopcd<\/a> <\/p>\n\n\n\n<p>www.diariopcd.com.br <\/p>\n\n\n\n<p>* SITE ACESS\u00cdVEL EM LIBRAS <\/p>\n\n\n\n<p>* V\u00cdDEOS COM A OP\u00c7\u00c3O DE CC (Closed Caption)<\/p>\n","protected":false},"excerpt":{"rendered":"<p>Cristiane Mayworm e Pedro Mendes Ferreira Neto compartilham todas as informa\u00e7\u00f5es sobre o 2\u00ba Congresso de Doen\u00e7as Raras \u201cAlex Garcia\u201d, que ser\u00e1 realizado no dia 29 de fevereiro, em Osasco\/SP, de forma hibrida. Um dos objetivos do evento \u00e9 levar a informa\u00e7\u00e3o e dar visibilidade as doen\u00e7as raras, para que fam\u00edlias consigam encontrar o diagn\u00f3stico [&hellip;]<\/p>\n","protected":false},"author":1,"featured_media":138,"comment_status":"open","ping_status":"open","sticky":false,"template":"","format":"standard","meta":{"footnotes":""},"categories":[20],"tags":[],"class_list":["post-128","post","type-post","status-publish","format-standard","has-post-thumbnail","hentry","category-geral"],"rttpg_featured_image_url":{"full":["https:\/\/tudosobreinclusao.com\/eventos\/wp-content\/uploads\/2024\/03\/image-7.png",623,350,false],"landscape":["https:\/\/tudosobreinclusao.com\/eventos\/wp-content\/uploads\/2024\/03\/image-7.png",623,350,false],"portraits":["https:\/\/tudosobreinclusao.com\/eventos\/wp-content\/uploads\/2024\/03\/image-7.png",623,350,false],"thumbnail":["https:\/\/tudosobreinclusao.com\/eventos\/wp-content\/uploads\/2024\/03\/image-7-150x150.png",150,150,true],"medium":["https:\/\/tudosobreinclusao.com\/eventos\/wp-content\/uploads\/2024\/03\/image-7-300x169.png",300,169,true],"large":["https:\/\/tudosobreinclusao.com\/eventos\/wp-content\/uploads\/2024\/03\/image-7.png",623,350,false],"1536x1536":["https:\/\/tudosobreinclusao.com\/eventos\/wp-content\/uploads\/2024\/03\/image-7.png",623,350,false],"2048x2048":["https:\/\/tudosobreinclusao.com\/eventos\/wp-content\/uploads\/2024\/03\/image-7.png",623,350,false]},"rttpg_author":{"display_name":"Cristiane Mayworm","author_link":"https:\/\/tudosobreinclusao.com\/eventos\/author\/admin\/"},"rttpg_comment":0,"rttpg_category":"<a href=\"https:\/\/tudosobreinclusao.com\/eventos\/category\/geral\/\" rel=\"category tag\">Geral<\/a>","rttpg_excerpt":"Cristiane Mayworm e Pedro Mendes Ferreira Neto compartilham todas as informa\u00e7\u00f5es sobre o 2\u00ba Congresso de Doen\u00e7as Raras \u201cAlex Garcia\u201d, que ser\u00e1 realizado no dia 29 de fevereiro, em Osasco\/SP, de forma hibrida. Um dos objetivos do evento \u00e9 levar a informa\u00e7\u00e3o e dar visibilidade as doen\u00e7as raras, para que fam\u00edlias consigam encontrar o diagn\u00f3stico&hellip;","_links":{"self":[{"href":"https:\/\/tudosobreinclusao.com\/eventos\/wp-json\/wp\/v2\/posts\/128","targetHints":{"allow":["GET"]}}],"collection":[{"href":"https:\/\/tudosobreinclusao.com\/eventos\/wp-json\/wp\/v2\/posts"}],"about":[{"href":"https:\/\/tudosobreinclusao.com\/eventos\/wp-json\/wp\/v2\/types\/post"}],"author":[{"embeddable":true,"href":"https:\/\/tudosobreinclusao.com\/eventos\/wp-json\/wp\/v2\/users\/1"}],"replies":[{"embeddable":true,"href":"https:\/\/tudosobreinclusao.com\/eventos\/wp-json\/wp\/v2\/comments?post=128"}],"version-history":[{"count":1,"href":"https:\/\/tudosobreinclusao.com\/eventos\/wp-json\/wp\/v2\/posts\/128\/revisions"}],"predecessor-version":[{"id":129,"href":"https:\/\/tudosobreinclusao.com\/eventos\/wp-json\/wp\/v2\/posts\/128\/revisions\/129"}],"wp:featuredmedia":[{"embeddable":true,"href":"https:\/\/tudosobreinclusao.com\/eventos\/wp-json\/wp\/v2\/media\/138"}],"wp:attachment":[{"href":"https:\/\/tudosobreinclusao.com\/eventos\/wp-json\/wp\/v2\/media?parent=128"}],"wp:term":[{"taxonomy":"category","embeddable":true,"href":"https:\/\/tudosobreinclusao.com\/eventos\/wp-json\/wp\/v2\/categories?post=128"},{"taxonomy":"post_tag","embeddable":true,"href":"https:\/\/tudosobreinclusao.com\/eventos\/wp-json\/wp\/v2\/tags?post=128"}],"curies":[{"name":"wp","href":"https:\/\/api.w.org\/{rel}","templated":true}]}}