{"id":125,"date":"2024-02-05T22:50:00","date_gmt":"2024-02-06T01:50:00","guid":{"rendered":"https:\/\/tudosobreinclusao.com\/eventos\/?p=125"},"modified":"2024-03-03T22:52:58","modified_gmt":"2024-03-04T01:52:58","slug":"congresso-traz-inovacao-direito-educacao-e-empreendedorismo-para-milhoes-de-brasileiros-com-condicoes-raras-de-saude","status":"publish","type":"post","link":"https:\/\/tudosobreinclusao.com\/eventos\/congresso-traz-inovacao-direito-educacao-e-empreendedorismo-para-milhoes-de-brasileiros-com-condicoes-raras-de-saude\/","title":{"rendered":"Congresso traz Inova\u00e7\u00e3o, Direito, Educa\u00e7\u00e3o e Empreendedorismo para milh\u00f5es de brasileiros com condi\u00e7\u00f5es raras de sa\u00fade"},"content":{"rendered":"\n<p class=\"has-text-align-center\"><img decoding=\"async\" src=\"https:\/\/diariopcd.com.br\/wp-content\/uploads\/2024\/02\/image-10-1024x536.png\"><a href=\"https:\/\/diariopcd.com.br\/author\/abrao\/\"><\/a><\/p>\n\n\n\n<p>Adquirir conhecimento sobre doen\u00e7as raras \u00e9 um ato de solidariedade e anticapacista que vai muito<br>al\u00e9m de simplesmente adquirir informa\u00e7\u00f5es ao se aprofundar na complexidade dessas condi\u00e7\u00f5es raras<br>as pessoas demonstram empatia e compreens\u00e3o em rela\u00e7\u00e3o a uma parte da popula\u00e7\u00e3o que muitas vezes<br>\u00e9 negligenciada e incompreendida esse tipo de aprendizado promove uma compreens\u00e3o dos diversos<br>desafios enfrentados por aqueles que sofrem desde quest\u00f5es m\u00e9dicas at\u00e9 sociais.<\/p>\n\n\n\n<p><br>Atrav\u00e9s das palestras, as pessoas se capacitam e se tornam defensores e aliados. Participando de<br>di\u00e1logos significativos desfazem mitos e equ\u00edvocos e contribuem para uma cultura de educa\u00e7\u00e3o, inclus\u00e3o<br>social e apoio, enriquecendo a comunidade de maneira mais ampla promovendo uma sociedade mais<br>compassiva e emp\u00e1tica.<\/p>\n\n\n\n<p><br>Educar-se sobre \u201cdoen\u00e7as raras\u201d representa um compromisso em apoiar aqueles que frequentemente se<br>sentem isolados devido \u00e0 raridade de suas condi\u00e7\u00f5es. O conhecimento gerado no Congresso pode levar<br>a conquistas significativas para as pessoas com doen\u00e7as raras uma vez que informados temos o poder de<br>influenciar mudan\u00e7as positivas nas pol\u00edticas de sa\u00fade, impulsionar o financiamento e a pesquisa em<br>rela\u00e7\u00e3o a essas condi\u00e7\u00f5es, desenvolver recursos e servi\u00e7os necess\u00e1rios. Essas conquistas s\u00e3o cruciais j\u00e1<br>que doen\u00e7as raras muitas vezes n\u00e3o recebem a mesma visibilidade e aten\u00e7\u00e3o que as outras doen\u00e7as.<br>Fortalecer e reconhecer a import\u00e2ncia da sa\u00fade, educa\u00e7\u00e3o de qualidade, autonomia, independ\u00eancia,<br>lazer, trabalho e do bem-estar geral de cada indiv\u00edduo independentemente da preval\u00eancia de sua<br>condi\u00e7\u00e3o.<\/p>\n\n\n\n<p><br>Convidamos a todos a se envolver ativamente no dia 29 de fevereiro, com esse gesto poderoso de<br>solidariedade e cidadania mostrando as pessoas com doen\u00e7as raras e ultrarraras que elas n\u00e3o est\u00e3o<br>sozinhas e que suas lutas s\u00e3o reconhecidas, ouvidas e apoiadas.<\/p>\n\n\n\n<p>Por ser um evento h\u00edbrido, os hor\u00e1rios podem sofrer altera\u00e7\u00f5es conforme a disponibilidade dos<br>palestrantes ou mudan\u00e7as na programa\u00e7\u00e3o. A imprensa est\u00e1 convidada a cobrir este evento<br>transformador em Osasco\/SP e ter a oportunidade de conhecer os palestrantes raros protagonistas<br>nesse dia.<\/p>\n\n\n\n<figure class=\"wp-block-embed is-type-video is-provider-youtube wp-block-embed-youtube wp-embed-aspect-4-3 wp-has-aspect-ratio\"><div class=\"wp-block-embed__wrapper\">\n<iframe loading=\"lazy\" title=\"Evento reunir\u00e1 principais nomes do Brasil\" width=\"500\" height=\"375\" src=\"https:\/\/www.youtube.com\/embed\/ZgAxLMZbJak?feature=oembed\" frameborder=\"0\" allow=\"accelerometer; autoplay; clipboard-write; encrypted-media; gyroscope; picture-in-picture; web-share\" referrerpolicy=\"strict-origin-when-cross-origin\" allowfullscreen><\/iframe>\n<\/div><\/figure>\n","protected":false},"excerpt":{"rendered":"<p>Adquirir conhecimento sobre doen\u00e7as raras \u00e9 um ato de solidariedade e anticapacista que vai muitoal\u00e9m de simplesmente adquirir informa\u00e7\u00f5es ao se aprofundar na complexidade dessas condi\u00e7\u00f5es rarasas pessoas demonstram empatia e compreens\u00e3o em rela\u00e7\u00e3o a uma parte da popula\u00e7\u00e3o que muitas vezes\u00e9 negligenciada e incompreendida esse tipo de aprendizado promove uma compreens\u00e3o dos diversosdesafios enfrentados [&hellip;]<\/p>\n","protected":false},"author":1,"featured_media":126,"comment_status":"open","ping_status":"open","sticky":false,"template":"","format":"standard","meta":{"footnotes":""},"categories":[20],"tags":[],"class_list":["post-125","post","type-post","status-publish","format-standard","has-post-thumbnail","hentry","category-geral"],"rttpg_featured_image_url":{"full":["https:\/\/tudosobreinclusao.com\/eventos\/wp-content\/uploads\/2024\/03\/image-5.png",800,577,false],"landscape":["https:\/\/tudosobreinclusao.com\/eventos\/wp-content\/uploads\/2024\/03\/image-5.png",800,577,false],"portraits":["https:\/\/tudosobreinclusao.com\/eventos\/wp-content\/uploads\/2024\/03\/image-5.png",800,577,false],"thumbnail":["https:\/\/tudosobreinclusao.com\/eventos\/wp-content\/uploads\/2024\/03\/image-5-150x150.png",150,150,true],"medium":["https:\/\/tudosobreinclusao.com\/eventos\/wp-content\/uploads\/2024\/03\/image-5-300x216.png",300,216,true],"large":["https:\/\/tudosobreinclusao.com\/eventos\/wp-content\/uploads\/2024\/03\/image-5.png",800,577,false],"1536x1536":["https:\/\/tudosobreinclusao.com\/eventos\/wp-content\/uploads\/2024\/03\/image-5.png",800,577,false],"2048x2048":["https:\/\/tudosobreinclusao.com\/eventos\/wp-content\/uploads\/2024\/03\/image-5.png",800,577,false]},"rttpg_author":{"display_name":"Cristiane Mayworm","author_link":"https:\/\/tudosobreinclusao.com\/eventos\/author\/admin\/"},"rttpg_comment":0,"rttpg_category":"<a href=\"https:\/\/tudosobreinclusao.com\/eventos\/category\/geral\/\" rel=\"category tag\">Geral<\/a>","rttpg_excerpt":"Adquirir conhecimento sobre doen\u00e7as raras \u00e9 um ato de solidariedade e anticapacista que vai muitoal\u00e9m de simplesmente adquirir informa\u00e7\u00f5es ao se aprofundar na complexidade dessas condi\u00e7\u00f5es rarasas pessoas demonstram empatia e compreens\u00e3o em rela\u00e7\u00e3o a uma parte da popula\u00e7\u00e3o que muitas vezes\u00e9 negligenciada e incompreendida esse tipo de aprendizado promove uma compreens\u00e3o dos diversosdesafios enfrentados&hellip;","_links":{"self":[{"href":"https:\/\/tudosobreinclusao.com\/eventos\/wp-json\/wp\/v2\/posts\/125","targetHints":{"allow":["GET"]}}],"collection":[{"href":"https:\/\/tudosobreinclusao.com\/eventos\/wp-json\/wp\/v2\/posts"}],"about":[{"href":"https:\/\/tudosobreinclusao.com\/eventos\/wp-json\/wp\/v2\/types\/post"}],"author":[{"embeddable":true,"href":"https:\/\/tudosobreinclusao.com\/eventos\/wp-json\/wp\/v2\/users\/1"}],"replies":[{"embeddable":true,"href":"https:\/\/tudosobreinclusao.com\/eventos\/wp-json\/wp\/v2\/comments?post=125"}],"version-history":[{"count":1,"href":"https:\/\/tudosobreinclusao.com\/eventos\/wp-json\/wp\/v2\/posts\/125\/revisions"}],"predecessor-version":[{"id":127,"href":"https:\/\/tudosobreinclusao.com\/eventos\/wp-json\/wp\/v2\/posts\/125\/revisions\/127"}],"wp:featuredmedia":[{"embeddable":true,"href":"https:\/\/tudosobreinclusao.com\/eventos\/wp-json\/wp\/v2\/media\/126"}],"wp:attachment":[{"href":"https:\/\/tudosobreinclusao.com\/eventos\/wp-json\/wp\/v2\/media?parent=125"}],"wp:term":[{"taxonomy":"category","embeddable":true,"href":"https:\/\/tudosobreinclusao.com\/eventos\/wp-json\/wp\/v2\/categories?post=125"},{"taxonomy":"post_tag","embeddable":true,"href":"https:\/\/tudosobreinclusao.com\/eventos\/wp-json\/wp\/v2\/tags?post=125"}],"curies":[{"name":"wp","href":"https:\/\/api.w.org\/{rel}","templated":true}]}}