{"id":119,"date":"2024-02-04T22:45:52","date_gmt":"2024-02-05T01:45:52","guid":{"rendered":"https:\/\/tudosobreinclusao.com\/eventos\/?p=119"},"modified":"2024-03-03T22:48:23","modified_gmt":"2024-03-04T01:48:23","slug":"espaco-da-cidadania-recebe-2o-congresso-de-doencas-raras-alex-garcia","status":"publish","type":"post","link":"https:\/\/tudosobreinclusao.com\/eventos\/espaco-da-cidadania-recebe-2o-congresso-de-doencas-raras-alex-garcia\/","title":{"rendered":"Espa\u00e7o da Cidadania recebe 2\u00ba Congresso de Doen\u00e7as Raras \u201cAlex Garcia\u201d"},"content":{"rendered":"\n<p>O 2\u00ba Congresso de Doen\u00e7as Raras \u201cAlex Garcia\u201d reunir\u00e1 profissionais de sa\u00fade, pesquisadores, pacientes raros e ultrarraros, bem como representantes de organiza\u00e7\u00f5es governamentais e n\u00e3o governamentais.<\/p>\n\n\n\n<p>O evento acontecer\u00e1 de forma presencial e online, transmitido ao vivo pelo canal do Youtube do Di\u00e1rio PcD, no dia 29\/02\/24 das 10h30 \u00e0s 12h30 e das 14h \u00e0s 17horas.<\/p>\n\n\n\n<p>Ele ser\u00e1 realizado no Audit\u00f3rio do Sindicato dos Metal\u00fargicos de Osasco e Regi\u00e3o\/ Espa\u00e7o da Cidadania \u2013 localizado na Rua Erasmo Braga, 307, 3\u00ba Andar \u2013 Pres. Altino, Osasco \u2013 SP e tamb\u00e9m dispon\u00edvel ao vivo pelo youtube.<\/p>\n\n\n\n<p>O p\u00fablico-alvo abrange profissionais de sa\u00fade especializados em doen\u00e7as raras, pesquisadores, pacientes raros e suas fam\u00edlias, representantes de organiza\u00e7\u00f5es governamentais e n\u00e3o governamentais, al\u00e9m do p\u00fablico em geral, cuidadores, profissionais da educa\u00e7\u00e3o, direito, psicologia, empreendedorismo e estudantes.<\/p>\n\n\n\n<p>Produ\u00e7\u00e3o e realiza\u00e7\u00e3o:&nbsp;<strong>Tudo Sobre Inclus\u00e3o Consultoria PcD<\/strong><\/p>\n\n\n\n<p>Apoio: Di\u00e1rio PcD \u2013 Informa\u00e7\u00f5es e not\u00edcias, Sindicato dos Metal\u00fargicos de Osasco e Regi\u00e3o, Espa\u00e7o da Cidadania e v\u00e1rios parceiros.<\/p>\n\n\n\n<p>Inscri\u00e7\u00e3o presencial ou online:&nbsp;<a href=\"https:\/\/www.sympla.com.br\/congresso-de-doencas-raras-alex-garcia__2321257\" target=\"_blank\" rel=\"noreferrer noopener\">https:\/\/www.sympla.com.br\/congresso-de-doencas-raras-alex-garcia__2321257<\/a><\/p>\n\n\n<div class=\"wp-block-image\">\n<figure class=\"aligncenter\"><img decoding=\"async\" src=\"https:\/\/diariopcd.com.br\/wp-content\/uploads\/2024\/02\/image003.jpg\" alt=\"\" class=\"wp-image-16330\"\/><\/figure>\n<\/div>","protected":false},"excerpt":{"rendered":"<p>O 2\u00ba Congresso de Doen\u00e7as Raras \u201cAlex Garcia\u201d reunir\u00e1 profissionais de sa\u00fade, pesquisadores, pacientes raros e ultrarraros, bem como representantes de organiza\u00e7\u00f5es governamentais e n\u00e3o governamentais. O evento acontecer\u00e1 de forma presencial e online, transmitido ao vivo pelo canal do Youtube do Di\u00e1rio PcD, no dia 29\/02\/24 das 10h30 \u00e0s 12h30 e das 14h \u00e0s [&hellip;]<\/p>\n","protected":false},"author":1,"featured_media":120,"comment_status":"open","ping_status":"open","sticky":false,"template":"","format":"standard","meta":{"footnotes":""},"categories":[20],"tags":[],"class_list":["post-119","post","type-post","status-publish","format-standard","has-post-thumbnail","hentry","category-geral"],"rttpg_featured_image_url":{"full":["https:\/\/tudosobreinclusao.com\/eventos\/wp-content\/uploads\/2024\/03\/image-3.png",1077,1087,false],"landscape":["https:\/\/tudosobreinclusao.com\/eventos\/wp-content\/uploads\/2024\/03\/image-3.png",1077,1087,false],"portraits":["https:\/\/tudosobreinclusao.com\/eventos\/wp-content\/uploads\/2024\/03\/image-3.png",1077,1087,false],"thumbnail":["https:\/\/tudosobreinclusao.com\/eventos\/wp-content\/uploads\/2024\/03\/image-3-150x150.png",150,150,true],"medium":["https:\/\/tudosobreinclusao.com\/eventos\/wp-content\/uploads\/2024\/03\/image-3-297x300.png",297,300,true],"large":["https:\/\/tudosobreinclusao.com\/eventos\/wp-content\/uploads\/2024\/03\/image-3-1015x1024.png",1015,1024,true],"1536x1536":["https:\/\/tudosobreinclusao.com\/eventos\/wp-content\/uploads\/2024\/03\/image-3.png",1077,1087,false],"2048x2048":["https:\/\/tudosobreinclusao.com\/eventos\/wp-content\/uploads\/2024\/03\/image-3.png",1077,1087,false]},"rttpg_author":{"display_name":"Cristiane Mayworm","author_link":"https:\/\/tudosobreinclusao.com\/eventos\/author\/admin\/"},"rttpg_comment":0,"rttpg_category":"<a href=\"https:\/\/tudosobreinclusao.com\/eventos\/category\/geral\/\" rel=\"category tag\">Geral<\/a>","rttpg_excerpt":"O 2\u00ba Congresso de Doen\u00e7as Raras \u201cAlex Garcia\u201d reunir\u00e1 profissionais de sa\u00fade, pesquisadores, pacientes raros e ultrarraros, bem como representantes de organiza\u00e7\u00f5es governamentais e n\u00e3o governamentais. O evento acontecer\u00e1 de forma presencial e online, transmitido ao vivo pelo canal do Youtube do Di\u00e1rio PcD, no dia 29\/02\/24 das 10h30 \u00e0s 12h30 e das 14h \u00e0s&hellip;","_links":{"self":[{"href":"https:\/\/tudosobreinclusao.com\/eventos\/wp-json\/wp\/v2\/posts\/119","targetHints":{"allow":["GET"]}}],"collection":[{"href":"https:\/\/tudosobreinclusao.com\/eventos\/wp-json\/wp\/v2\/posts"}],"about":[{"href":"https:\/\/tudosobreinclusao.com\/eventos\/wp-json\/wp\/v2\/types\/post"}],"author":[{"embeddable":true,"href":"https:\/\/tudosobreinclusao.com\/eventos\/wp-json\/wp\/v2\/users\/1"}],"replies":[{"embeddable":true,"href":"https:\/\/tudosobreinclusao.com\/eventos\/wp-json\/wp\/v2\/comments?post=119"}],"version-history":[{"count":1,"href":"https:\/\/tudosobreinclusao.com\/eventos\/wp-json\/wp\/v2\/posts\/119\/revisions"}],"predecessor-version":[{"id":121,"href":"https:\/\/tudosobreinclusao.com\/eventos\/wp-json\/wp\/v2\/posts\/119\/revisions\/121"}],"wp:featuredmedia":[{"embeddable":true,"href":"https:\/\/tudosobreinclusao.com\/eventos\/wp-json\/wp\/v2\/media\/120"}],"wp:attachment":[{"href":"https:\/\/tudosobreinclusao.com\/eventos\/wp-json\/wp\/v2\/media?parent=119"}],"wp:term":[{"taxonomy":"category","embeddable":true,"href":"https:\/\/tudosobreinclusao.com\/eventos\/wp-json\/wp\/v2\/categories?post=119"},{"taxonomy":"post_tag","embeddable":true,"href":"https:\/\/tudosobreinclusao.com\/eventos\/wp-json\/wp\/v2\/tags?post=119"}],"curies":[{"name":"wp","href":"https:\/\/api.w.org\/{rel}","templated":true}]}}