{"id":116,"date":"2024-02-08T22:44:41","date_gmt":"2024-02-09T01:44:41","guid":{"rendered":"https:\/\/tudosobreinclusao.com\/eventos\/?p=116"},"modified":"2024-03-03T22:45:39","modified_gmt":"2024-03-04T01:45:39","slug":"alex-garcia-recebe-a-comenda-sepe-tiaraju","status":"publish","type":"post","link":"https:\/\/tudosobreinclusao.com\/eventos\/alex-garcia-recebe-a-comenda-sepe-tiaraju\/","title":{"rendered":"Alex Garcia recebe a Comenda Sep\u00e9 Tiaraju"},"content":{"rendered":"\n<p>A entrega da Comenda Sep\u00e9 Tiaraju ocorreu na Prefeitura de S\u00e3o Luiz Gonzaga. Alex Garcia \u00e9 pessoa surdocega, com hidrocefalia e doen\u00e7a rara.<\/p>\n\n\n\n<p>A entrega da Comenda Sep\u00e9 Tiaraju ocorreu na noite da quarta-feira, 7, na Prefeitura de S\u00e3o Luiz Gonzaga, no Rio Grande do Sul.<\/p>\n\n\n\n<p>Alex Garcia, um dos homenageados, \u00e9 uma das Pessoas Surdocegas e Pessoa com Doen\u00e7a<br>Rara mais conhecida no mundo. Especialista em Educa\u00e7\u00e3o Especial pela Universidade Federal de Santa Maria \u2013 UFSM\/RS, foi a primeira Pessoa Surdocega, com Hidrocefalia e Doen\u00e7a Rara no Brasil que se P\u00f3s-graduou (N\u00edvel de Especializa\u00e7\u00e3o) em uma Universidade.<\/p>\n\n\n\n<p>O evento contou com a presen\u00e7a de autoridades e familiares dos homenageados.<\/p>\n\n\n\n<p>Em entrevista a Radio S\u00e3o Luiz, Alex Garcia compartilhou sua jornada de supera\u00e7\u00e3o, afirmando que o reconhecimento o energiza para continuar lutando contra as m\u00faltiplas barreiras enfrentadas por pessoas com defici\u00eancia no cotidiano.<\/p>\n\n\n\n<p>Diversas autoridades, como a Secret\u00e1ria de Turismo Luiza Caterine, o Presidente do Conselho de Turismo Carlos Sidnei Ferreira e a vereadora Rose Grings, manifestaram-se, destacando a emo\u00e7\u00e3o do momento e a import\u00e2ncia de reconhecer indiv\u00edduos que contribuem para fortalecer a cultura e promover o nome do munic\u00edpio. Eles tamb\u00e9m ressaltaram a relev\u00e2ncia da Comenda, que presta homenagem a um l\u00edder ind\u00edgena fundamental para a hist\u00f3ria das Miss\u00f5es.<\/p>\n\n\n\n<p>Vinicius Ribeiro, escultor respons\u00e1vel pela cria\u00e7\u00e3o da homenagem em 2004 e pela retomada do evento em 2018 com o apoio da ent\u00e3o Secret\u00e1ria de Cultura e Turismo, Rose Grings, enfatizou a import\u00e2ncia de honrar um l\u00edder como Sep\u00e9, que se tornou um her\u00f3i por necessidade ao defender seu lar, deixando um legado marcante.<\/p>\n\n\n\n<p>A Comenda Sep\u00e9 Tiaraju foi institu\u00edda em 2004, durante o mandato do prefeito Jauri Gomes de Oliveira, e retomada em 2018, na gest\u00e3o de Sidney Brondani. Al\u00e9m da Comenda, a figura de Sep\u00e9, que ontem completou anivers\u00e1rio de seu mart\u00edrio, \u00e9 homenageada com o nome do Pa\u00e7o Municipal e uma escultura localizada em frente \u00e0 prefeitura.<\/p>\n\n\n\n<p>\u201cA hist\u00f3ria \u2013 um dia, homenageou o her\u00f3i missioneiro Sep\u00e9 Tiaraju, que&nbsp;foi um s\u00edmbolo guarany missioneiro de resist\u00eancia e foi declarado her\u00f3i rio-grandense, inclusive com o nome no&nbsp; Pante\u00e3o da P\u00e1tria e da Liberdade. Alex Garcia, para as pessoas com defici\u00eancia mundial \u2013 tem uma import\u00e2ncia e relev\u00e2ncia digna e a altura de ser o merecedor desta Comenda e de demais homenagens que possa receber. Ao homenage\u00e1-lo, as pessoas com defici\u00eancia demonstram que \u2018<em>nada sobre n\u00f3s, sem n\u00f3s<\/em>\u2018. Parab\u00e9ns Alex Garcia. Parab\u00e9ns para aqueles que reconhecem o valor de um brasileiro\u201d, afirmou Abr\u00e3o Dib \u2013 jornalista, editor do Di\u00e1rio PcD e Presidente Fundador da ANAPcD \u2013 Associa\u00e7\u00e3o Nacional de Apoio \u00e0s Pessoas com Defici\u00eancia<\/p>\n\n\n\n<p>ALEX GARCIA \u2013 O homenageado \u00e9 Fundador-presidente da Associa\u00e7\u00e3o Ga\u00facha de Pais e Amigos dos Surdocegos e Multideficientes \u2013 Agapasm, e a \u00fanica pessoa surdocega do mundo a participar da Reuni\u00e3o de Alto N\u00edvel sobre Defici\u00eancia e Desenvolvimento \u201cO caminho a seguir: Agenda de Desenvolvimento Inclusivo em Defici\u00eancia para 2015, realizada no ano de 2013 na sede da ONU em Nova York.<\/p>\n\n\n\n<p>O \u2018comendador\u2019 Alex Garcia \u00e9 pioneiro no Brasil ao desenvolver a primeira pesquisa em campo para localiza\u00e7\u00e3o de Surdocegos, que abrangeu o Estado do Rio Grande do Sul e teve como principais apoiadores a Federa\u00e7\u00e3o Sueca de Surdocegos e a Federa\u00e7\u00e3o Mundial de Surdocegos. \u00c9 considerado o<br>\u201cPai\u201d da Surdocegueira no Rio Grande do Sul. Escritor, \u00e9 a primeira Pessoa Surdocega a escrever um livro sobre Educa\u00e7\u00e3o na Am\u00e9rica Latina. Sua obra \u201cSurdocegueira: emp\u00edrica e cient\u00edfica\u201d.<\/p>\n\n\n\n<p>Em 2009 venceu o Pr\u00eamio Sentidos, concurso nacional promovido pela AVAPE \u2013 Associa\u00e7\u00e3o para Valoriza\u00e7\u00e3o de Pessoas com Defici\u00eancia \u2013 Avape, Revista Sentidos e Rede Record de R\u00e1dio e Televis\u00e3o. \u00c9 Rotariano Honor\u00e1rio \u2013 Rotary Club de S\u00e3o Luiz Gonzaga\/RS. Foi a primeira Pessoa Surdocega a ser aluno da Mobility International USA \u2013 Miusa em 27 anos de hist\u00f3ria dessa organiza\u00e7\u00e3o. Foi a primeira Pessoa Surdocega, no Brasil e Am\u00e9rica Latina, a ministrar curso de forma\u00e7\u00e3o de professores com total autonomia, em Cuiab\u00e1\/MT.<\/p>\n\n\n\n<p>Fonte: R\u00e1dio S\u00e3o Luiz<\/p>\n","protected":false},"excerpt":{"rendered":"<p>A entrega da Comenda Sep\u00e9 Tiaraju ocorreu na Prefeitura de S\u00e3o Luiz Gonzaga. Alex Garcia \u00e9 pessoa surdocega, com hidrocefalia e doen\u00e7a rara. A entrega da Comenda Sep\u00e9 Tiaraju ocorreu na noite da quarta-feira, 7, na Prefeitura de S\u00e3o Luiz Gonzaga, no Rio Grande do Sul. Alex Garcia, um dos homenageados, \u00e9 uma das Pessoas [&hellip;]<\/p>\n","protected":false},"author":1,"featured_media":117,"comment_status":"open","ping_status":"open","sticky":false,"template":"","format":"standard","meta":{"footnotes":""},"categories":[20],"tags":[],"class_list":["post-116","post","type-post","status-publish","format-standard","has-post-thumbnail","hentry","category-geral"],"rttpg_featured_image_url":{"full":["https:\/\/tudosobreinclusao.com\/eventos\/wp-content\/uploads\/2024\/03\/image-2.png",600,450,false],"landscape":["https:\/\/tudosobreinclusao.com\/eventos\/wp-content\/uploads\/2024\/03\/image-2.png",600,450,false],"portraits":["https:\/\/tudosobreinclusao.com\/eventos\/wp-content\/uploads\/2024\/03\/image-2.png",600,450,false],"thumbnail":["https:\/\/tudosobreinclusao.com\/eventos\/wp-content\/uploads\/2024\/03\/image-2-150x150.png",150,150,true],"medium":["https:\/\/tudosobreinclusao.com\/eventos\/wp-content\/uploads\/2024\/03\/image-2-300x225.png",300,225,true],"large":["https:\/\/tudosobreinclusao.com\/eventos\/wp-content\/uploads\/2024\/03\/image-2.png",600,450,false],"1536x1536":["https:\/\/tudosobreinclusao.com\/eventos\/wp-content\/uploads\/2024\/03\/image-2.png",600,450,false],"2048x2048":["https:\/\/tudosobreinclusao.com\/eventos\/wp-content\/uploads\/2024\/03\/image-2.png",600,450,false]},"rttpg_author":{"display_name":"Cristiane Mayworm","author_link":"https:\/\/tudosobreinclusao.com\/eventos\/author\/admin\/"},"rttpg_comment":0,"rttpg_category":"<a href=\"https:\/\/tudosobreinclusao.com\/eventos\/category\/geral\/\" rel=\"category tag\">Geral<\/a>","rttpg_excerpt":"A entrega da Comenda Sep\u00e9 Tiaraju ocorreu na Prefeitura de S\u00e3o Luiz Gonzaga. Alex Garcia \u00e9 pessoa surdocega, com hidrocefalia e doen\u00e7a rara. A entrega da Comenda Sep\u00e9 Tiaraju ocorreu na noite da quarta-feira, 7, na Prefeitura de S\u00e3o Luiz Gonzaga, no Rio Grande do Sul. Alex Garcia, um dos homenageados, \u00e9 uma das Pessoas&hellip;","_links":{"self":[{"href":"https:\/\/tudosobreinclusao.com\/eventos\/wp-json\/wp\/v2\/posts\/116","targetHints":{"allow":["GET"]}}],"collection":[{"href":"https:\/\/tudosobreinclusao.com\/eventos\/wp-json\/wp\/v2\/posts"}],"about":[{"href":"https:\/\/tudosobreinclusao.com\/eventos\/wp-json\/wp\/v2\/types\/post"}],"author":[{"embeddable":true,"href":"https:\/\/tudosobreinclusao.com\/eventos\/wp-json\/wp\/v2\/users\/1"}],"replies":[{"embeddable":true,"href":"https:\/\/tudosobreinclusao.com\/eventos\/wp-json\/wp\/v2\/comments?post=116"}],"version-history":[{"count":1,"href":"https:\/\/tudosobreinclusao.com\/eventos\/wp-json\/wp\/v2\/posts\/116\/revisions"}],"predecessor-version":[{"id":118,"href":"https:\/\/tudosobreinclusao.com\/eventos\/wp-json\/wp\/v2\/posts\/116\/revisions\/118"}],"wp:featuredmedia":[{"embeddable":true,"href":"https:\/\/tudosobreinclusao.com\/eventos\/wp-json\/wp\/v2\/media\/117"}],"wp:attachment":[{"href":"https:\/\/tudosobreinclusao.com\/eventos\/wp-json\/wp\/v2\/media?parent=116"}],"wp:term":[{"taxonomy":"category","embeddable":true,"href":"https:\/\/tudosobreinclusao.com\/eventos\/wp-json\/wp\/v2\/categories?post=116"},{"taxonomy":"post_tag","embeddable":true,"href":"https:\/\/tudosobreinclusao.com\/eventos\/wp-json\/wp\/v2\/tags?post=116"}],"curies":[{"name":"wp","href":"https:\/\/api.w.org\/{rel}","templated":true}]}}