{"id":112,"date":"2024-02-10T22:39:23","date_gmt":"2024-02-11T01:39:23","guid":{"rendered":"https:\/\/tudosobreinclusao.com\/eventos\/?p=112"},"modified":"2024-03-03T22:42:54","modified_gmt":"2024-03-04T01:42:54","slug":"medica-geneticista-do-hcpa-sera-palestrante-no-2o-congresso-de-doencas-raras-alex-garcia","status":"publish","type":"post","link":"https:\/\/tudosobreinclusao.com\/eventos\/medica-geneticista-do-hcpa-sera-palestrante-no-2o-congresso-de-doencas-raras-alex-garcia\/","title":{"rendered":"M\u00e9dica geneticista do HCPA ser\u00e1 palestrante no 2\u00ba Congresso de Doen\u00e7as Raras \u2018Alex Garcia\u2019"},"content":{"rendered":"\n<p style=\"color: #0693e3\"><strong>M\u00e9dica geneticista com atendimento a pacientes com doen\u00e7as raras h\u00e1 mais de 30 anos far\u00e1 palestra sobre \u201cRede Nacional para Doen\u00e7as Raras no Brasil\u201d<\/strong><\/p>\n\n\n\n<p>No pr\u00f3ximo dia 29 de fevereiro, uma data rara no calend\u00e1rio, o 2\u00ba Congresso de Doen\u00e7as Raras \u201cAlex Garcia\u201d reunir\u00e1 profissionais de sa\u00fade, pesquisadores, pacientes raros e ultrarraros, bem como representantes de organiza\u00e7\u00f5es governamentais e n\u00e3o governamentais.<\/p>\n\n\n\n<p>O evento acontecer\u00e1 de forma presencial e online, transmitido ao vivo pelo canal do Youtube do Di\u00e1rio PcD, das 10h30 \u00e0s 12h30 e das 14h \u00e0s 17horas.<\/p>\n\n\n\n<p>O congresso presencial ser\u00e1 realizado no Audit\u00f3rio do Sindicato dos Metal\u00fargicos de Osasco e Regi\u00e3o\/ Espa\u00e7o da Cidadania \u2013 localizado na Rua Erasmo Braga, 307, 3\u00ba Andar \u2013 Pres. Altino, Osasco \u2013 SP e tamb\u00e9m dispon\u00edvel ao vivo pelo youtube.<\/p>\n\n\n\n<p>Uma das palestrantes ser\u00e1 a dra T\u00eamis Maria F\u00e9lix, M\u00e9dica na Hospital de Cl\u00ednicas de Porto Alegre (HCPA), Geneticista com atendimento a pacientes com doen\u00e7as raras h\u00e1 mais de 30 anos. \u00c9 coordenadora do Centro de Refer\u00eancia em Osteog\u00eanese Imperfeita do HCPA. Tem experi\u00eancia na \u00e1rea de Gen\u00e9tica, com \u00eanfase em Gen\u00e9tica Humana e M\u00e9dica, atuando principalmente nos seguintes temas: fissura l\u00e1bio-palatina, anomalias cong\u00eanitas, defici\u00eancia mental, anomalia cromoss\u00f4mica e osteog\u00eanese imperfeita.<\/p>\n\n\n\n<p>O p\u00fablico-alvo abrange profissionais de sa\u00fade especializados em doen\u00e7as raras, pesquisadores, pacientes raros e suas fam\u00edlias, representantes de organiza\u00e7\u00f5es governamentais e n\u00e3o governamentais, al\u00e9m do p\u00fablico em geral, cuidadores, profissionais da educa\u00e7\u00e3o, direito, psicologia, empreendedorismo e estudantes.<\/p>\n\n\n\n<p>O congresso contar\u00e1 com a presen\u00e7a de renomados palestrantes raros, incluindo o Professor Alex Garcia, uma das pessoas surdocegas mais conhecidas no mundo e fundador-presidente da Associa\u00e7\u00e3o Ga\u00facha de Pais e Amigos dos Surdocegos e Multideficientes \u2013 AGAPASM.<\/p>\n\n\n\n<p>Confira todos os palestrantes e temas que ser\u00e3o abordados no Congresso, al\u00e9m de fazer a inscri\u00e7\u00e3o gratuita em<\/p>\n\n\n\n<figure class=\"wp-block-embed\"><div class=\"wp-block-embed__wrapper\">\nhttps:\/\/www.sympla.com.br\/evento-online\/congresso-de-doencas-raras-alex-garcia\/2321257?referrer=diariopcd.com.br\n<\/div><\/figure>\n\n\n\n<p>SERVI\u00c7O:<\/p>\n\n\n\n<p>Data: 29 de fevereiro de 2024 \u2013 Dia Mundial das Doen\u00e7as Raras<\/p>\n\n\n\n<p>Hor\u00e1rio: 10h30 \u00e0s 12h30 e das 14h \u00e0s 17h<\/p>\n\n\n\n<p>Inscri\u00e7\u00e3o presencial ou online:&nbsp;<a href=\"https:\/\/www.sympla.com.br\/congresso-de-doencas-raras-alex-garcia__2321257\">https:\/\/www.sympla.com.br\/congresso-de-doencas-raras-alex-garcia__2321257<\/a><\/p>\n\n\n\n<p>Local: Audit\u00f3rio Sindicato Metal\u00fargicos\/Espa\u00e7o da Cidadania \u2013 Rua Erasmo Braga, 307, 3\u00ba Andar \u2013 Pres. Altino, Osasco \u2013 SP<\/p>\n\n\n\n<p>Entrada: Gratuita mediante a doa\u00e7\u00e3o de 1 Kg de alimento para a \u201cAMAMOS\u201d \u2013 Casa de Acolhimento para Crian\u00e7as e Adolescentes de Osasco\/SP. (Doa\u00e7\u00e3o volunt\u00e1ria)<\/p>\n\n\n\n<p>O evento ter\u00e1 cobertura do Di\u00e1rio PcD, com transmiss\u00e3o ininterrupta pelo canal no YouTube<\/p>\n\n\n\n<p><a href=\"https:\/\/diariopcd.com.br\/author\/abrao\/\"><\/a><\/p>\n\n\n\n<p><\/p>\n","protected":false},"excerpt":{"rendered":"<p>M\u00e9dica geneticista com atendimento a pacientes com doen\u00e7as raras h\u00e1 mais de 30 anos far\u00e1 palestra sobre \u201cRede Nacional para Doen\u00e7as Raras no Brasil\u201d No pr\u00f3ximo dia 29 de fevereiro, uma data rara no calend\u00e1rio, o 2\u00ba Congresso de Doen\u00e7as Raras \u201cAlex Garcia\u201d reunir\u00e1 profissionais de sa\u00fade, pesquisadores, pacientes raros e ultrarraros, bem como representantes [&hellip;]<\/p>\n","protected":false},"author":1,"featured_media":113,"comment_status":"open","ping_status":"open","sticky":false,"template":"","format":"standard","meta":{"footnotes":""},"categories":[20],"tags":[],"class_list":["post-112","post","type-post","status-publish","format-standard","has-post-thumbnail","hentry","category-geral"],"rttpg_featured_image_url":{"full":["https:\/\/tudosobreinclusao.com\/eventos\/wp-content\/uploads\/2024\/03\/image-1.png",1024,768,false],"landscape":["https:\/\/tudosobreinclusao.com\/eventos\/wp-content\/uploads\/2024\/03\/image-1.png",1024,768,false],"portraits":["https:\/\/tudosobreinclusao.com\/eventos\/wp-content\/uploads\/2024\/03\/image-1.png",1024,768,false],"thumbnail":["https:\/\/tudosobreinclusao.com\/eventos\/wp-content\/uploads\/2024\/03\/image-1-150x150.png",150,150,true],"medium":["https:\/\/tudosobreinclusao.com\/eventos\/wp-content\/uploads\/2024\/03\/image-1-300x225.png",300,225,true],"large":["https:\/\/tudosobreinclusao.com\/eventos\/wp-content\/uploads\/2024\/03\/image-1.png",1024,768,false],"1536x1536":["https:\/\/tudosobreinclusao.com\/eventos\/wp-content\/uploads\/2024\/03\/image-1.png",1024,768,false],"2048x2048":["https:\/\/tudosobreinclusao.com\/eventos\/wp-content\/uploads\/2024\/03\/image-1.png",1024,768,false]},"rttpg_author":{"display_name":"Cristiane Mayworm","author_link":"https:\/\/tudosobreinclusao.com\/eventos\/author\/admin\/"},"rttpg_comment":0,"rttpg_category":"<a href=\"https:\/\/tudosobreinclusao.com\/eventos\/category\/geral\/\" rel=\"category tag\">Geral<\/a>","rttpg_excerpt":"M\u00e9dica geneticista com atendimento a pacientes com doen\u00e7as raras h\u00e1 mais de 30 anos far\u00e1 palestra sobre \u201cRede Nacional para Doen\u00e7as Raras no Brasil\u201d No pr\u00f3ximo dia 29 de fevereiro, uma data rara no calend\u00e1rio, o 2\u00ba Congresso de Doen\u00e7as Raras \u201cAlex Garcia\u201d reunir\u00e1 profissionais de sa\u00fade, pesquisadores, pacientes raros e ultrarraros, bem como representantes&hellip;","_links":{"self":[{"href":"https:\/\/tudosobreinclusao.com\/eventos\/wp-json\/wp\/v2\/posts\/112","targetHints":{"allow":["GET"]}}],"collection":[{"href":"https:\/\/tudosobreinclusao.com\/eventos\/wp-json\/wp\/v2\/posts"}],"about":[{"href":"https:\/\/tudosobreinclusao.com\/eventos\/wp-json\/wp\/v2\/types\/post"}],"author":[{"embeddable":true,"href":"https:\/\/tudosobreinclusao.com\/eventos\/wp-json\/wp\/v2\/users\/1"}],"replies":[{"embeddable":true,"href":"https:\/\/tudosobreinclusao.com\/eventos\/wp-json\/wp\/v2\/comments?post=112"}],"version-history":[{"count":1,"href":"https:\/\/tudosobreinclusao.com\/eventos\/wp-json\/wp\/v2\/posts\/112\/revisions"}],"predecessor-version":[{"id":114,"href":"https:\/\/tudosobreinclusao.com\/eventos\/wp-json\/wp\/v2\/posts\/112\/revisions\/114"}],"wp:featuredmedia":[{"embeddable":true,"href":"https:\/\/tudosobreinclusao.com\/eventos\/wp-json\/wp\/v2\/media\/113"}],"wp:attachment":[{"href":"https:\/\/tudosobreinclusao.com\/eventos\/wp-json\/wp\/v2\/media?parent=112"}],"wp:term":[{"taxonomy":"category","embeddable":true,"href":"https:\/\/tudosobreinclusao.com\/eventos\/wp-json\/wp\/v2\/categories?post=112"},{"taxonomy":"post_tag","embeddable":true,"href":"https:\/\/tudosobreinclusao.com\/eventos\/wp-json\/wp\/v2\/tags?post=112"}],"curies":[{"name":"wp","href":"https:\/\/api.w.org\/{rel}","templated":true}]}}